{"id":2247,"date":"2025-03-11T20:27:16","date_gmt":"2025-03-11T19:27:16","guid":{"rendered":"https:\/\/blogsaverroes.juntadeandalucia.es\/iestorrredelosguzmanes\/?p=2247"},"modified":"2025-03-11T20:28:00","modified_gmt":"2025-03-11T19:28:00","slug":"encuentro-con-el-cern","status":"publish","type":"post","link":"https:\/\/blogsaverroes.juntadeandalucia.es\/iestorrredelosguzmanes\/encuentro-con-el-cern\/","title":{"rendered":"ENCUENTRO CON EL CERN"},"content":{"rendered":"<p>Alumnado de F\u00edsica de 2\u00b0 de Bachillerato participar\u00e1 en un congreso sobre F\u00edsica de Part\u00edculas en el CEP de Sevilla. En el encuentro, estar\u00e1n acompa\u00f1ados de diferentes ponentes expertos en dicho campo de estudio y se establecer\u00e1n conexiones para participar en algunas simulaciones con cient\u00edficos del CERN (Ginebra, Suiza).<\/p>\n<p><a href=\"https:\/\/blogsaverroes.juntadeandalucia.es\/iestorrredelosguzmanes\/files\/2025\/03\/CERN.jpg\"><img fetchpriority=\"high\" decoding=\"async\" class=\"alignleft size-medium wp-image-2249\" src=\"https:\/\/blogsaverroes.juntadeandalucia.es\/iestorrredelosguzmanes\/files\/2025\/03\/CERN-211x300.jpg\" alt=\"\" width=\"211\" height=\"300\" srcset=\"https:\/\/blogsaverroes.juntadeandalucia.es\/iestorrredelosguzmanes\/files\/2025\/03\/CERN-211x300.jpg 211w, https:\/\/blogsaverroes.juntadeandalucia.es\/iestorrredelosguzmanes\/files\/2025\/03\/CERN.jpg 653w\" sizes=\"(max-width: 211px) 100vw, 211px\" \/><\/a><\/p>\n<p>&nbsp;<\/p>\n<h3>Im\u00e1genes Relacionadas:<\/h3>","protected":false},"excerpt":{"rendered":"<p>Alumnado de F\u00edsica de 2\u00b0 de Bachillerato participar\u00e1 en un congreso sobre F\u00edsica de Part\u00edculas en el CEP de Sevilla. En el encuentro, estar\u00e1n acompa\u00f1ados de diferentes ponentes expertos en dicho campo de estudio y se establecer\u00e1n conexiones para participar en algunas simulaciones con cient\u00edficos del CERN (Ginebra, Suiza). &nbsp;&#46;&#46;&#46;<\/p>\n","protected":false},"author":13735,"featured_media":0,"comment_status":"closed","ping_status":"open","sticky":false,"template":"","format":"standard","meta":{"ngg_post_thumbnail":0,"footnotes":""},"categories":[20],"tags":[],"aioseo_notices":[],"_links":{"self":[{"href":"https:\/\/blogsaverroes.juntadeandalucia.es\/iestorrredelosguzmanes\/wp-json\/wp\/v2\/posts\/2247"}],"collection":[{"href":"https:\/\/blogsaverroes.juntadeandalucia.es\/iestorrredelosguzmanes\/wp-json\/wp\/v2\/posts"}],"about":[{"href":"https:\/\/blogsaverroes.juntadeandalucia.es\/iestorrredelosguzmanes\/wp-json\/wp\/v2\/types\/post"}],"author":[{"embeddable":true,"href":"https:\/\/blogsaverroes.juntadeandalucia.es\/iestorrredelosguzmanes\/wp-json\/wp\/v2\/users\/13735"}],"replies":[{"embeddable":true,"href":"https:\/\/blogsaverroes.juntadeandalucia.es\/iestorrredelosguzmanes\/wp-json\/wp\/v2\/comments?post=2247"}],"version-history":[{"count":2,"href":"https:\/\/blogsaverroes.juntadeandalucia.es\/iestorrredelosguzmanes\/wp-json\/wp\/v2\/posts\/2247\/revisions"}],"predecessor-version":[{"id":2251,"href":"https:\/\/blogsaverroes.juntadeandalucia.es\/iestorrredelosguzmanes\/wp-json\/wp\/v2\/posts\/2247\/revisions\/2251"}],"wp:attachment":[{"href":"https:\/\/blogsaverroes.juntadeandalucia.es\/iestorrredelosguzmanes\/wp-json\/wp\/v2\/media?parent=2247"}],"wp:term":[{"taxonomy":"category","embeddable":true,"href":"https:\/\/blogsaverroes.juntadeandalucia.es\/iestorrredelosguzmanes\/wp-json\/wp\/v2\/categories?post=2247"},{"taxonomy":"post_tag","embeddable":true,"href":"https:\/\/blogsaverroes.juntadeandalucia.es\/iestorrredelosguzmanes\/wp-json\/wp\/v2\/tags?post=2247"}],"curies":[{"name":"wp","href":"https:\/\/api.w.org\/{rel}","templated":true}]}}