{"id":2493,"date":"2025-07-01T09:29:58","date_gmt":"2025-07-01T08:29:58","guid":{"rendered":"https:\/\/blogsaverroes.juntadeandalucia.es\/iestorrredelosguzmanes\/?p=2493"},"modified":"2025-07-23T17:43:45","modified_gmt":"2025-07-23T16:43:45","slug":"ensenanzas-de-nuestro-centro","status":"publish","type":"post","link":"https:\/\/blogsaverroes.juntadeandalucia.es\/iestorrredelosguzmanes\/ensenanzas-de-nuestro-centro\/","title":{"rendered":"Matr\u00edculas. Ense\u00f1anzas de nuestro centro."},"content":{"rendered":"<p>Comienza el periodo de matriculaciones.<\/p>\n<p>Para ESO y Bachillerato el plazo es del 1 al 10 de julio a trav\u00e9s de la secretar\u00eda virtual.<\/p>\n<p>Para FP deber\u00e1s estar pendiente del calendario para matricularte o reservar la plaza, tambi\u00e9n en la secretar\u00eda virtual.<\/p>\n<p>Aqu\u00ed te dejamos el enlace para informarte mejor de las ense\u00f1anzas que ofrecemos.<\/p>\n<div style=\"width: 100%\">\n<div style=\"position: relative;padding-bottom: 177.78%;padding-top: 0;height: 0\"><iframe src=\"https:\/\/view.genially.com\/646e48b788329b00116f6480\" width=\"1080\" height=\"1920\" frameborder=\"0\" scrolling=\"yes\"><\/iframe><\/div>\n<\/div>\n<p>&nbsp;<\/p>\n<h3>Im\u00e1genes Relacionadas:<\/h3>","protected":false},"excerpt":{"rendered":"<p>Comienza el periodo de matriculaciones. Para ESO y Bachillerato el plazo es del 1 al 10 de julio a trav\u00e9s de la secretar\u00eda virtual. Para FP deber\u00e1s estar pendiente del calendario para matricularte o reservar la plaza, tambi\u00e9n en la secretar\u00eda virtual. Aqu\u00ed te dejamos el enlace para informarte mejor&#46;&#46;&#46;<\/p>\n","protected":false},"author":13735,"featured_media":0,"comment_status":"closed","ping_status":"open","sticky":false,"template":"","format":"standard","meta":{"ngg_post_thumbnail":0,"footnotes":""},"categories":[15],"tags":[],"aioseo_notices":[],"_links":{"self":[{"href":"https:\/\/blogsaverroes.juntadeandalucia.es\/iestorrredelosguzmanes\/wp-json\/wp\/v2\/posts\/2493"}],"collection":[{"href":"https:\/\/blogsaverroes.juntadeandalucia.es\/iestorrredelosguzmanes\/wp-json\/wp\/v2\/posts"}],"about":[{"href":"https:\/\/blogsaverroes.juntadeandalucia.es\/iestorrredelosguzmanes\/wp-json\/wp\/v2\/types\/post"}],"author":[{"embeddable":true,"href":"https:\/\/blogsaverroes.juntadeandalucia.es\/iestorrredelosguzmanes\/wp-json\/wp\/v2\/users\/13735"}],"replies":[{"embeddable":true,"href":"https:\/\/blogsaverroes.juntadeandalucia.es\/iestorrredelosguzmanes\/wp-json\/wp\/v2\/comments?post=2493"}],"version-history":[{"count":3,"href":"https:\/\/blogsaverroes.juntadeandalucia.es\/iestorrredelosguzmanes\/wp-json\/wp\/v2\/posts\/2493\/revisions"}],"predecessor-version":[{"id":2496,"href":"https:\/\/blogsaverroes.juntadeandalucia.es\/iestorrredelosguzmanes\/wp-json\/wp\/v2\/posts\/2493\/revisions\/2496"}],"wp:attachment":[{"href":"https:\/\/blogsaverroes.juntadeandalucia.es\/iestorrredelosguzmanes\/wp-json\/wp\/v2\/media?parent=2493"}],"wp:term":[{"taxonomy":"category","embeddable":true,"href":"https:\/\/blogsaverroes.juntadeandalucia.es\/iestorrredelosguzmanes\/wp-json\/wp\/v2\/categories?post=2493"},{"taxonomy":"post_tag","embeddable":true,"href":"https:\/\/blogsaverroes.juntadeandalucia.es\/iestorrredelosguzmanes\/wp-json\/wp\/v2\/tags?post=2493"}],"curies":[{"name":"wp","href":"https:\/\/api.w.org\/{rel}","templated":true}]}}