{"id":2850,"date":"2025-12-20T23:03:08","date_gmt":"2025-12-20T22:03:08","guid":{"rendered":"https:\/\/blogsaverroes.juntadeandalucia.es\/iestorrredelosguzmanes\/?p=2850"},"modified":"2025-12-20T23:03:08","modified_gmt":"2025-12-20T22:03:08","slug":"jubilaciones","status":"publish","type":"post","link":"https:\/\/blogsaverroes.juntadeandalucia.es\/iestorrredelosguzmanes\/jubilaciones\/","title":{"rendered":"JUBILACIONES"},"content":{"rendered":"<p>Al terminar este trimestre se han jubilado dos personas muy queridas en nuestro centro. Cada una de ellas ha desarrollado su labor, en sus respectivos \u00e1mbitos, con much\u00edsima dedicaci\u00f3n y profesionalidad. Se trata de nuestra orientadora Concha, que ha atendido al alumnado y sus familias sin horarios y que ha estado disponible 24\/7, apoyando tambi\u00e9n al profesorado, y de Virtudes, encargada de la cafeter\u00eda del centro, que se ha encargado de preparar desayunos para grandes y peque\u00f1os con cari\u00f1o y amabilidad.&nbsp;<\/p>\n<p>El jueves tuvimos un emotivo acto en el que hablaron los directores anteriores y la directora actual y al que asistieron tambi\u00e9n antiguos compa\u00f1eros.&nbsp;Despu\u00e9s de muchos a\u00f1os de trabajo, van a poder disfrutar de un merecido descanso. Vamos a echarlas de menos a las dos y les deseamos lo mejor.<\/p>\n<p><a href=\"https:\/\/blogsaverroes.juntadeandalucia.es\/iestorrredelosguzmanes\/files\/2025\/12\/Concha.jpeg\"><img fetchpriority=\"high\" decoding=\"async\" class=\"alignleft size-medium wp-image-2851\" src=\"https:\/\/blogsaverroes.juntadeandalucia.es\/iestorrredelosguzmanes\/files\/2025\/12\/Concha-226x300.jpeg\" alt=\"\" width=\"226\" height=\"300\" srcset=\"https:\/\/blogsaverroes.juntadeandalucia.es\/iestorrredelosguzmanes\/files\/2025\/12\/Concha-226x300.jpeg 226w, https:\/\/blogsaverroes.juntadeandalucia.es\/iestorrredelosguzmanes\/files\/2025\/12\/Concha-771x1024.jpeg 771w, https:\/\/blogsaverroes.juntadeandalucia.es\/iestorrredelosguzmanes\/files\/2025\/12\/Concha-768x1020.jpeg 768w, https:\/\/blogsaverroes.juntadeandalucia.es\/iestorrredelosguzmanes\/files\/2025\/12\/Concha-1157x1536.jpeg 1157w, https:\/\/blogsaverroes.juntadeandalucia.es\/iestorrredelosguzmanes\/files\/2025\/12\/Concha.jpeg 1536w\" sizes=\"(max-width: 226px) 100vw, 226px\" \/><\/a> <a href=\"https:\/\/blogsaverroes.juntadeandalucia.es\/iestorrredelosguzmanes\/files\/2025\/12\/Virtu.jpeg\"><img decoding=\"async\" class=\"alignleft size-medium wp-image-2852\" src=\"https:\/\/blogsaverroes.juntadeandalucia.es\/iestorrredelosguzmanes\/files\/2025\/12\/Virtu-300x226.jpeg\" alt=\"\" width=\"300\" height=\"226\" srcset=\"https:\/\/blogsaverroes.juntadeandalucia.es\/iestorrredelosguzmanes\/files\/2025\/12\/Virtu-300x226.jpeg 300w, https:\/\/blogsaverroes.juntadeandalucia.es\/iestorrredelosguzmanes\/files\/2025\/12\/Virtu-1024x771.jpeg 1024w, https:\/\/blogsaverroes.juntadeandalucia.es\/iestorrredelosguzmanes\/files\/2025\/12\/Virtu-768x578.jpeg 768w, https:\/\/blogsaverroes.juntadeandalucia.es\/iestorrredelosguzmanes\/files\/2025\/12\/Virtu-1536x1157.jpeg 1536w, https:\/\/blogsaverroes.juntadeandalucia.es\/iestorrredelosguzmanes\/files\/2025\/12\/Virtu.jpeg 2040w\" sizes=\"(max-width: 300px) 100vw, 300px\" \/><\/a><\/p>\n<h3>Im\u00e1genes Relacionadas:<\/h3>","protected":false},"excerpt":{"rendered":"<p>Al terminar este trimestre se han jubilado dos personas muy queridas en nuestro centro. Cada una de ellas ha desarrollado su labor, en sus respectivos \u00e1mbitos, con much\u00edsima dedicaci\u00f3n y profesionalidad. Se trata de nuestra orientadora Concha, que ha atendido al alumnado y sus familias sin horarios y que ha&#46;&#46;&#46;<\/p>\n","protected":false},"author":13735,"featured_media":0,"comment_status":"closed","ping_status":"open","sticky":false,"template":"","format":"standard","meta":{"ngg_post_thumbnail":0,"footnotes":""},"categories":[20],"tags":[],"aioseo_notices":[],"_links":{"self":[{"href":"https:\/\/blogsaverroes.juntadeandalucia.es\/iestorrredelosguzmanes\/wp-json\/wp\/v2\/posts\/2850"}],"collection":[{"href":"https:\/\/blogsaverroes.juntadeandalucia.es\/iestorrredelosguzmanes\/wp-json\/wp\/v2\/posts"}],"about":[{"href":"https:\/\/blogsaverroes.juntadeandalucia.es\/iestorrredelosguzmanes\/wp-json\/wp\/v2\/types\/post"}],"author":[{"embeddable":true,"href":"https:\/\/blogsaverroes.juntadeandalucia.es\/iestorrredelosguzmanes\/wp-json\/wp\/v2\/users\/13735"}],"replies":[{"embeddable":true,"href":"https:\/\/blogsaverroes.juntadeandalucia.es\/iestorrredelosguzmanes\/wp-json\/wp\/v2\/comments?post=2850"}],"version-history":[{"count":1,"href":"https:\/\/blogsaverroes.juntadeandalucia.es\/iestorrredelosguzmanes\/wp-json\/wp\/v2\/posts\/2850\/revisions"}],"predecessor-version":[{"id":2853,"href":"https:\/\/blogsaverroes.juntadeandalucia.es\/iestorrredelosguzmanes\/wp-json\/wp\/v2\/posts\/2850\/revisions\/2853"}],"wp:attachment":[{"href":"https:\/\/blogsaverroes.juntadeandalucia.es\/iestorrredelosguzmanes\/wp-json\/wp\/v2\/media?parent=2850"}],"wp:term":[{"taxonomy":"category","embeddable":true,"href":"https:\/\/blogsaverroes.juntadeandalucia.es\/iestorrredelosguzmanes\/wp-json\/wp\/v2\/categories?post=2850"},{"taxonomy":"post_tag","embeddable":true,"href":"https:\/\/blogsaverroes.juntadeandalucia.es\/iestorrredelosguzmanes\/wp-json\/wp\/v2\/tags?post=2850"}],"curies":[{"name":"wp","href":"https:\/\/api.w.org\/{rel}","templated":true}]}}