{"id":3154,"date":"2018-03-06T12:56:10","date_gmt":"2018-03-06T12:56:10","guid":{"rendered":"http:\/\/blogsaverroes.juntadeandalucia.es\/iestriana\/?p=3154"},"modified":"2020-10-03T22:42:51","modified_gmt":"2020-10-03T22:42:51","slug":"salida-del-centro-alumnado-menor-de-edad","status":"publish","type":"post","link":"https:\/\/blogsaverroes.juntadeandalucia.es\/iestriana\/2018\/03\/06\/salida-del-centro-alumnado-menor-de-edad\/","title":{"rendered":"Salida del Centro alumnado menor de edad"},"content":{"rendered":"<p><a href=\"https:\/\/blogsaverroes.juntadeandalucia.es\/iestriana\/files\/2018\/03\/IMG_5746.jpg\"><img loading=\"lazy\" decoding=\"async\" class=\"size-medium wp-image-3431 alignleft\" src=\"https:\/\/blogsaverroes.juntadeandalucia.es\/iestriana\/files\/2018\/03\/IMG_5746-219x300.jpg\" alt=\"\" width=\"219\" height=\"300\" srcset=\"https:\/\/blogsaverroes.juntadeandalucia.es\/iestriana\/files\/2018\/03\/IMG_5746-219x300.jpg 219w, https:\/\/blogsaverroes.juntadeandalucia.es\/iestriana\/files\/2018\/03\/IMG_5746-747x1024.jpg 747w, https:\/\/blogsaverroes.juntadeandalucia.es\/iestriana\/files\/2018\/03\/IMG_5746-18x24.jpg 18w, https:\/\/blogsaverroes.juntadeandalucia.es\/iestriana\/files\/2018\/03\/IMG_5746-26x36.jpg 26w, https:\/\/blogsaverroes.juntadeandalucia.es\/iestriana\/files\/2018\/03\/IMG_5746-35x48.jpg 35w, https:\/\/blogsaverroes.juntadeandalucia.es\/iestriana\/files\/2018\/03\/IMG_5746.jpg 1075w\" sizes=\"(max-width: 219px) 100vw, 219px\" \/><\/a>NORMAS DE SALIDA DEL CENTRO DURANTE LA JORNADA ESCOLAR.<br \/>\n\uf0b7 No tendr\u00e1n validez los correos electr\u00f3nicos ni las llamadas telef\u00f3nicas como justificantes de salida.<br \/>\n\uf0b7 El alumnado menor de edad s\u00f3lo podr\u00e1 abandonar el centro acompa\u00f1ado por alguna persona autorizada, previa firma del documento que existe a tal efecto.<br \/>\n\uf0b7 El alumnado mayor de edad podr\u00e1 abandonar el centro en los periodos lectivos previo aviso al profesorado de guardia, firmando el documento citado en el punto anterior.<\/p>\n<p>&nbsp;<\/p>\n","protected":false},"excerpt":{"rendered":"<p>NORMAS DE SALIDA DEL CENTRO DURANTE LA JORNADA ESCOLAR. \uf0b7 No tendr\u00e1n validez los correos electr\u00f3nicos ni las llamadas telef\u00f3nicas como justificantes de salida. \uf0b7 El alumnado menor de edad s\u00f3lo podr\u00e1 abandonar el centro acompa\u00f1ado por alguna persona autorizada, previa firma del documento que existe a tal efecto. \uf0b7 El alumnado mayor de edad podr\u00e1 abandonar el centro en&#46;&#46;&#46;<\/p>\n","protected":false},"author":2278,"featured_media":3431,"comment_status":"closed","ping_status":"closed","sticky":false,"template":"","format":"standard","meta":{"ngg_post_thumbnail":0,"footnotes":""},"categories":[34922],"tags":[],"aioseo_notices":[],"_links":{"self":[{"href":"https:\/\/blogsaverroes.juntadeandalucia.es\/iestriana\/wp-json\/wp\/v2\/posts\/3154"}],"collection":[{"href":"https:\/\/blogsaverroes.juntadeandalucia.es\/iestriana\/wp-json\/wp\/v2\/posts"}],"about":[{"href":"https:\/\/blogsaverroes.juntadeandalucia.es\/iestriana\/wp-json\/wp\/v2\/types\/post"}],"author":[{"embeddable":true,"href":"https:\/\/blogsaverroes.juntadeandalucia.es\/iestriana\/wp-json\/wp\/v2\/users\/2278"}],"replies":[{"embeddable":true,"href":"https:\/\/blogsaverroes.juntadeandalucia.es\/iestriana\/wp-json\/wp\/v2\/comments?post=3154"}],"version-history":[{"count":7,"href":"https:\/\/blogsaverroes.juntadeandalucia.es\/iestriana\/wp-json\/wp\/v2\/posts\/3154\/revisions"}],"predecessor-version":[{"id":3519,"href":"https:\/\/blogsaverroes.juntadeandalucia.es\/iestriana\/wp-json\/wp\/v2\/posts\/3154\/revisions\/3519"}],"wp:featuredmedia":[{"embeddable":true,"href":"https:\/\/blogsaverroes.juntadeandalucia.es\/iestriana\/wp-json\/wp\/v2\/media\/3431"}],"wp:attachment":[{"href":"https:\/\/blogsaverroes.juntadeandalucia.es\/iestriana\/wp-json\/wp\/v2\/media?parent=3154"}],"wp:term":[{"taxonomy":"category","embeddable":true,"href":"https:\/\/blogsaverroes.juntadeandalucia.es\/iestriana\/wp-json\/wp\/v2\/categories?post=3154"},{"taxonomy":"post_tag","embeddable":true,"href":"https:\/\/blogsaverroes.juntadeandalucia.es\/iestriana\/wp-json\/wp\/v2\/tags?post=3154"}],"curies":[{"name":"wp","href":"https:\/\/api.w.org\/{rel}","templated":true}]}}