{"id":4257,"date":"2020-03-06T07:44:45","date_gmt":"2020-03-06T07:44:45","guid":{"rendered":"https:\/\/blogsaverroes.juntadeandalucia.es\/iestriana\/?p=4257"},"modified":"2020-10-03T22:11:50","modified_gmt":"2020-10-03T22:11:50","slug":"entrega-de-titulos-de-bachibac","status":"publish","type":"post","link":"https:\/\/blogsaverroes.juntadeandalucia.es\/iestriana\/2020\/03\/06\/entrega-de-titulos-de-bachibac\/","title":{"rendered":"Entrega de t\u00edtulos de Bachibac"},"content":{"rendered":"<p>El pasado martes 3 de Marzo se entregaron en nuestro centro, por parte de la Sra. Delegada de Educaci\u00f3n en Sevilla D.\u00aa Marta Escriv\u00e1 Torralva, los t\u00edtulos a los alumnos graduados en Bachibac de las dos \u00faltimas promociones. Acudi\u00f3 al acto la directora del Institut Fran\u00e7ais y Agregada Cultural de la embajada de Francia en Sevilla, D.\u00aa Marie Cristine Rivi\u00e8re.<\/p>\n<p>&nbsp;<\/p>\n<h5><span style=\"color: #008000\">Galer\u00eda de fotograf\u00edas:<\/span><\/h5>\n<table style=\"height: 64px\" width=\"508\">\n<tbody>\n<tr>\n<td style=\"width: 94.8px;text-align: center\"><a href=\"https:\/\/blogsaverroes.juntadeandalucia.es\/iestriana\/files\/2020\/03\/20200305_185319.jpg\"><img loading=\"lazy\" decoding=\"async\" class=\"alignnone size-medium wp-image-4260\" src=\"https:\/\/blogsaverroes.juntadeandalucia.es\/iestriana\/files\/2020\/03\/20200305_185319-300x225.jpg\" alt=\"\" width=\"300\" height=\"225\" srcset=\"https:\/\/blogsaverroes.juntadeandalucia.es\/iestriana\/files\/2020\/03\/20200305_185319-300x225.jpg 300w, https:\/\/blogsaverroes.juntadeandalucia.es\/iestriana\/files\/2020\/03\/20200305_185319-768x576.jpg 768w, https:\/\/blogsaverroes.juntadeandalucia.es\/iestriana\/files\/2020\/03\/20200305_185319-1024x768.jpg 1024w, https:\/\/blogsaverroes.juntadeandalucia.es\/iestriana\/files\/2020\/03\/20200305_185319-24x18.jpg 24w, https:\/\/blogsaverroes.juntadeandalucia.es\/iestriana\/files\/2020\/03\/20200305_185319-36x27.jpg 36w, https:\/\/blogsaverroes.juntadeandalucia.es\/iestriana\/files\/2020\/03\/20200305_185319-48x36.jpg 48w, https:\/\/blogsaverroes.juntadeandalucia.es\/iestriana\/files\/2020\/03\/20200305_185319.jpg 1448w\" sizes=\"(max-width: 300px) 100vw, 300px\" \/><\/a><\/td>\n<td style=\"width: 94.8px;text-align: center\"><a href=\"https:\/\/blogsaverroes.juntadeandalucia.es\/iestriana\/files\/2020\/03\/IMG-20200303-WA0009.jpg\"><img loading=\"lazy\" decoding=\"async\" class=\"alignnone size-medium wp-image-4262\" src=\"https:\/\/blogsaverroes.juntadeandalucia.es\/iestriana\/files\/2020\/03\/IMG-20200303-WA0009-300x225.jpg\" alt=\"\" width=\"300\" height=\"225\" srcset=\"https:\/\/blogsaverroes.juntadeandalucia.es\/iestriana\/files\/2020\/03\/IMG-20200303-WA0009-300x225.jpg 300w, https:\/\/blogsaverroes.juntadeandalucia.es\/iestriana\/files\/2020\/03\/IMG-20200303-WA0009-768x576.jpg 768w, https:\/\/blogsaverroes.juntadeandalucia.es\/iestriana\/files\/2020\/03\/IMG-20200303-WA0009-1024x768.jpg 1024w, https:\/\/blogsaverroes.juntadeandalucia.es\/iestriana\/files\/2020\/03\/IMG-20200303-WA0009-24x18.jpg 24w, https:\/\/blogsaverroes.juntadeandalucia.es\/iestriana\/files\/2020\/03\/IMG-20200303-WA0009-36x27.jpg 36w, https:\/\/blogsaverroes.juntadeandalucia.es\/iestriana\/files\/2020\/03\/IMG-20200303-WA0009-48x36.jpg 48w, https:\/\/blogsaverroes.juntadeandalucia.es\/iestriana\/files\/2020\/03\/IMG-20200303-WA0009.jpg 1600w\" sizes=\"(max-width: 300px) 100vw, 300px\" \/><\/a><\/td>\n<td style=\"width: 94.8px;text-align: center\"><a href=\"https:\/\/blogsaverroes.juntadeandalucia.es\/iestriana\/files\/2020\/03\/IMG-20200303-WA0007.jpg\"><img loading=\"lazy\" decoding=\"async\" class=\"alignnone size-medium wp-image-4261\" src=\"https:\/\/blogsaverroes.juntadeandalucia.es\/iestriana\/files\/2020\/03\/IMG-20200303-WA0007-300x225.jpg\" alt=\"\" width=\"300\" height=\"225\" srcset=\"https:\/\/blogsaverroes.juntadeandalucia.es\/iestriana\/files\/2020\/03\/IMG-20200303-WA0007-300x225.jpg 300w, https:\/\/blogsaverroes.juntadeandalucia.es\/iestriana\/files\/2020\/03\/IMG-20200303-WA0007-768x576.jpg 768w, https:\/\/blogsaverroes.juntadeandalucia.es\/iestriana\/files\/2020\/03\/IMG-20200303-WA0007-1024x768.jpg 1024w, https:\/\/blogsaverroes.juntadeandalucia.es\/iestriana\/files\/2020\/03\/IMG-20200303-WA0007-24x18.jpg 24w, https:\/\/blogsaverroes.juntadeandalucia.es\/iestriana\/files\/2020\/03\/IMG-20200303-WA0007-36x27.jpg 36w, https:\/\/blogsaverroes.juntadeandalucia.es\/iestriana\/files\/2020\/03\/IMG-20200303-WA0007-48x36.jpg 48w, https:\/\/blogsaverroes.juntadeandalucia.es\/iestriana\/files\/2020\/03\/IMG-20200303-WA0007.jpg 1600w\" sizes=\"(max-width: 300px) 100vw, 300px\" \/><\/a><\/td>\n<td style=\"width: 94.8px;text-align: center\"><a href=\"https:\/\/blogsaverroes.juntadeandalucia.es\/iestriana\/files\/2020\/03\/20200305_185253.jpg\"><img loading=\"lazy\" decoding=\"async\" class=\"alignnone size-medium wp-image-4259\" src=\"https:\/\/blogsaverroes.juntadeandalucia.es\/iestriana\/files\/2020\/03\/20200305_185253-300x244.jpg\" alt=\"\" width=\"300\" height=\"244\" srcset=\"https:\/\/blogsaverroes.juntadeandalucia.es\/iestriana\/files\/2020\/03\/20200305_185253-300x244.jpg 300w, https:\/\/blogsaverroes.juntadeandalucia.es\/iestriana\/files\/2020\/03\/20200305_185253-768x624.jpg 768w, https:\/\/blogsaverroes.juntadeandalucia.es\/iestriana\/files\/2020\/03\/20200305_185253-24x19.jpg 24w, https:\/\/blogsaverroes.juntadeandalucia.es\/iestriana\/files\/2020\/03\/20200305_185253-36x29.jpg 36w, https:\/\/blogsaverroes.juntadeandalucia.es\/iestriana\/files\/2020\/03\/20200305_185253-48x39.jpg 48w, https:\/\/blogsaverroes.juntadeandalucia.es\/iestriana\/files\/2020\/03\/20200305_185253.jpg 911w\" sizes=\"(max-width: 300px) 100vw, 300px\" \/><\/a><\/td>\n<td style=\"width: 94.8px;text-align: center\"><a href=\"https:\/\/blogsaverroes.juntadeandalucia.es\/iestriana\/files\/2020\/03\/IMG-20200303-WA0010.jpg\"><img loading=\"lazy\" decoding=\"async\" class=\"alignnone size-medium wp-image-4263\" src=\"https:\/\/blogsaverroes.juntadeandalucia.es\/iestriana\/files\/2020\/03\/IMG-20200303-WA0010-300x225.jpg\" alt=\"\" width=\"300\" height=\"225\" srcset=\"https:\/\/blogsaverroes.juntadeandalucia.es\/iestriana\/files\/2020\/03\/IMG-20200303-WA0010-300x225.jpg 300w, https:\/\/blogsaverroes.juntadeandalucia.es\/iestriana\/files\/2020\/03\/IMG-20200303-WA0010-768x576.jpg 768w, https:\/\/blogsaverroes.juntadeandalucia.es\/iestriana\/files\/2020\/03\/IMG-20200303-WA0010-1024x768.jpg 1024w, https:\/\/blogsaverroes.juntadeandalucia.es\/iestriana\/files\/2020\/03\/IMG-20200303-WA0010-24x18.jpg 24w, https:\/\/blogsaverroes.juntadeandalucia.es\/iestriana\/files\/2020\/03\/IMG-20200303-WA0010-36x27.jpg 36w, https:\/\/blogsaverroes.juntadeandalucia.es\/iestriana\/files\/2020\/03\/IMG-20200303-WA0010-48x36.jpg 48w, https:\/\/blogsaverroes.juntadeandalucia.es\/iestriana\/files\/2020\/03\/IMG-20200303-WA0010.jpg 1600w\" sizes=\"(max-width: 300px) 100vw, 300px\" \/><\/a><\/td>\n<\/tr>\n<\/tbody>\n<\/table>\n<h5><span style=\"color: #008000\">V\u00eddeo del acto:<\/span><\/h5>\n<p>[youtube https:\/\/www.youtube.com\/watch?v=2idBXxWcQAo]<\/p>\n","protected":false},"excerpt":{"rendered":"<p>El pasado martes 3 de Marzo se entregaron en nuestro centro, por parte de la Sra. Delegada de Educaci\u00f3n en Sevilla D.\u00aa Marta Escriv\u00e1 Torralva, los t\u00edtulos a los alumnos graduados en Bachibac de las dos \u00faltimas promociones. Acudi\u00f3 al acto la directora del Institut Fran\u00e7ais y Agregada Cultural de la embajada de Francia en Sevilla, D.\u00aa Marie Cristine Rivi\u00e8re.&#46;&#46;&#46;<\/p>\n","protected":false},"author":2000,"featured_media":4263,"comment_status":"closed","ping_status":"closed","sticky":false,"template":"","format":"standard","meta":{"ngg_post_thumbnail":0,"footnotes":""},"categories":[1298326,25502,1975739],"tags":[],"aioseo_notices":[],"_links":{"self":[{"href":"https:\/\/blogsaverroes.juntadeandalucia.es\/iestriana\/wp-json\/wp\/v2\/posts\/4257"}],"collection":[{"href":"https:\/\/blogsaverroes.juntadeandalucia.es\/iestriana\/wp-json\/wp\/v2\/posts"}],"about":[{"href":"https:\/\/blogsaverroes.juntadeandalucia.es\/iestriana\/wp-json\/wp\/v2\/types\/post"}],"author":[{"embeddable":true,"href":"https:\/\/blogsaverroes.juntadeandalucia.es\/iestriana\/wp-json\/wp\/v2\/users\/2000"}],"replies":[{"embeddable":true,"href":"https:\/\/blogsaverroes.juntadeandalucia.es\/iestriana\/wp-json\/wp\/v2\/comments?post=4257"}],"version-history":[{"count":4,"href":"https:\/\/blogsaverroes.juntadeandalucia.es\/iestriana\/wp-json\/wp\/v2\/posts\/4257\/revisions"}],"predecessor-version":[{"id":4267,"href":"https:\/\/blogsaverroes.juntadeandalucia.es\/iestriana\/wp-json\/wp\/v2\/posts\/4257\/revisions\/4267"}],"wp:featuredmedia":[{"embeddable":true,"href":"https:\/\/blogsaverroes.juntadeandalucia.es\/iestriana\/wp-json\/wp\/v2\/media\/4263"}],"wp:attachment":[{"href":"https:\/\/blogsaverroes.juntadeandalucia.es\/iestriana\/wp-json\/wp\/v2\/media?parent=4257"}],"wp:term":[{"taxonomy":"category","embeddable":true,"href":"https:\/\/blogsaverroes.juntadeandalucia.es\/iestriana\/wp-json\/wp\/v2\/categories?post=4257"},{"taxonomy":"post_tag","embeddable":true,"href":"https:\/\/blogsaverroes.juntadeandalucia.es\/iestriana\/wp-json\/wp\/v2\/tags?post=4257"}],"curies":[{"name":"wp","href":"https:\/\/api.w.org\/{rel}","templated":true}]}}