{"id":4464,"date":"2020-06-09T16:18:15","date_gmt":"2020-06-09T16:18:15","guid":{"rendered":"https:\/\/blogsaverroes.juntadeandalucia.es\/iestriana\/?p=4464"},"modified":"2020-10-03T22:07:50","modified_gmt":"2020-10-03T22:07:50","slug":"baremo-del-proceso-de-escolarizacion","status":"publish","type":"post","link":"https:\/\/blogsaverroes.juntadeandalucia.es\/iestriana\/2020\/06\/09\/baremo-del-proceso-de-escolarizacion\/","title":{"rendered":"Baremo del proceso de escolarizaci\u00f3n"},"content":{"rendered":"<p>Puede acceder a la consulta del baremo del proceso de escolarizaci\u00f3n a trav\u00e9s del siguiente enlace:<\/p>\n<h2 style=\"text-align: center\"><a href=\"https:\/\/www.juntadeandalucia.es\/educacion\/secretariavirtual\/accesoConsultas\/895\/\" target=\"_blank\" rel=\"noopener noreferrer\">PINCHAR AQU\u00cd<\/a><\/h2>\n","protected":false},"excerpt":{"rendered":"<p>Puede acceder a la consulta del baremo del proceso de escolarizaci\u00f3n a trav\u00e9s del siguiente enlace: PINCHAR AQU\u00cd<\/p>\n","protected":false},"author":2000,"featured_media":4468,"comment_status":"closed","ping_status":"closed","sticky":false,"template":"","format":"standard","meta":{"ngg_post_thumbnail":0,"footnotes":""},"categories":[1975739],"tags":[],"aioseo_notices":[],"_links":{"self":[{"href":"https:\/\/blogsaverroes.juntadeandalucia.es\/iestriana\/wp-json\/wp\/v2\/posts\/4464"}],"collection":[{"href":"https:\/\/blogsaverroes.juntadeandalucia.es\/iestriana\/wp-json\/wp\/v2\/posts"}],"about":[{"href":"https:\/\/blogsaverroes.juntadeandalucia.es\/iestriana\/wp-json\/wp\/v2\/types\/post"}],"author":[{"embeddable":true,"href":"https:\/\/blogsaverroes.juntadeandalucia.es\/iestriana\/wp-json\/wp\/v2\/users\/2000"}],"replies":[{"embeddable":true,"href":"https:\/\/blogsaverroes.juntadeandalucia.es\/iestriana\/wp-json\/wp\/v2\/comments?post=4464"}],"version-history":[{"count":2,"href":"https:\/\/blogsaverroes.juntadeandalucia.es\/iestriana\/wp-json\/wp\/v2\/posts\/4464\/revisions"}],"predecessor-version":[{"id":4467,"href":"https:\/\/blogsaverroes.juntadeandalucia.es\/iestriana\/wp-json\/wp\/v2\/posts\/4464\/revisions\/4467"}],"wp:featuredmedia":[{"embeddable":true,"href":"https:\/\/blogsaverroes.juntadeandalucia.es\/iestriana\/wp-json\/wp\/v2\/media\/4468"}],"wp:attachment":[{"href":"https:\/\/blogsaverroes.juntadeandalucia.es\/iestriana\/wp-json\/wp\/v2\/media?parent=4464"}],"wp:term":[{"taxonomy":"category","embeddable":true,"href":"https:\/\/blogsaverroes.juntadeandalucia.es\/iestriana\/wp-json\/wp\/v2\/categories?post=4464"},{"taxonomy":"post_tag","embeddable":true,"href":"https:\/\/blogsaverroes.juntadeandalucia.es\/iestriana\/wp-json\/wp\/v2\/tags?post=4464"}],"curies":[{"name":"wp","href":"https:\/\/api.w.org\/{rel}","templated":true}]}}