{"id":4474,"date":"2020-06-16T06:40:22","date_gmt":"2020-06-16T06:40:22","guid":{"rendered":"https:\/\/blogsaverroes.juntadeandalucia.es\/iestriana\/?p=4474"},"modified":"2020-10-03T22:07:44","modified_gmt":"2020-10-03T22:07:44","slug":"musical-aprender-historia","status":"publish","type":"post","link":"https:\/\/blogsaverroes.juntadeandalucia.es\/iestriana\/2020\/06\/16\/musical-aprender-historia\/","title":{"rendered":"Musical: aprender Historia"},"content":{"rendered":"<p>A principios del pasado mes de marzo la periodista Sandra Campos, del programa \u00abEn primera persona\u00bb de Rtve, visit\u00f3 nuestro instituto para conocer una divertida y eficiente manera de ense\u00f1ar Historia a trav\u00e9s de un musical con personajes hist\u00f3ricos, el cual fue dirigido por nuestra compa\u00f1era Elena Mar\u00eda Le\u00f3n P\u00e9rez.<\/p>\n<p>Puede acceder a los v\u00eddeos de este programa en los siguientes enlaces:<\/p>\n<h4 style=\"text-align: center\"><a href=\"https:\/\/www.rtve.es\/m\/alacarta\/videos\/en-primera-persona\/primera-persona-asi-da-gusto-aprender-historia-16-03-20\/5540724\/?media=tve\" target=\"_blank\" rel=\"noopener noreferrer\">V\u00eddeo 1<\/a><\/h4>\n<h4 style=\"text-align: center\"><a href=\"https:\/\/www.rtve.es\/m\/alacarta\/videos\/en-primera-persona\/primera-persona-video-asi-da-gusto-aprender-historia-2-16-03-20\/5540691\/\" target=\"_blank\" rel=\"noopener noreferrer\">V\u00eddeo 2<\/a><\/h4>\n<p><a href=\"https:\/\/www.rtve.es\/alacarta\/audios\/en-primera-persona\/primera-persona-asi-da-gusto-aprender-historia-16-03-20\/5540950\/\" target=\"_blank\" rel=\"noopener noreferrer\">Acceso a la web de Rtve. Programa: <em>En primera persona<\/em> <\/a><\/p>\n<p>&nbsp;<\/p>\n","protected":false},"excerpt":{"rendered":"<p>A principios del pasado mes de marzo la periodista Sandra Campos, del programa \u00abEn primera persona\u00bb de Rtve, visit\u00f3 nuestro instituto para conocer una divertida y eficiente manera de ense\u00f1ar Historia a trav\u00e9s de un musical con personajes hist\u00f3ricos, el cual fue dirigido por nuestra compa\u00f1era Elena Mar\u00eda Le\u00f3n P\u00e9rez. Puede acceder a los v\u00eddeos de este programa en los&#46;&#46;&#46;<\/p>\n","protected":false},"author":2000,"featured_media":4478,"comment_status":"closed","ping_status":"closed","sticky":false,"template":"","format":"standard","meta":{"ngg_post_thumbnail":0,"footnotes":""},"categories":[1298326],"tags":[],"aioseo_notices":[],"_links":{"self":[{"href":"https:\/\/blogsaverroes.juntadeandalucia.es\/iestriana\/wp-json\/wp\/v2\/posts\/4474"}],"collection":[{"href":"https:\/\/blogsaverroes.juntadeandalucia.es\/iestriana\/wp-json\/wp\/v2\/posts"}],"about":[{"href":"https:\/\/blogsaverroes.juntadeandalucia.es\/iestriana\/wp-json\/wp\/v2\/types\/post"}],"author":[{"embeddable":true,"href":"https:\/\/blogsaverroes.juntadeandalucia.es\/iestriana\/wp-json\/wp\/v2\/users\/2000"}],"replies":[{"embeddable":true,"href":"https:\/\/blogsaverroes.juntadeandalucia.es\/iestriana\/wp-json\/wp\/v2\/comments?post=4474"}],"version-history":[{"count":9,"href":"https:\/\/blogsaverroes.juntadeandalucia.es\/iestriana\/wp-json\/wp\/v2\/posts\/4474\/revisions"}],"predecessor-version":[{"id":4487,"href":"https:\/\/blogsaverroes.juntadeandalucia.es\/iestriana\/wp-json\/wp\/v2\/posts\/4474\/revisions\/4487"}],"wp:featuredmedia":[{"embeddable":true,"href":"https:\/\/blogsaverroes.juntadeandalucia.es\/iestriana\/wp-json\/wp\/v2\/media\/4478"}],"wp:attachment":[{"href":"https:\/\/blogsaverroes.juntadeandalucia.es\/iestriana\/wp-json\/wp\/v2\/media?parent=4474"}],"wp:term":[{"taxonomy":"category","embeddable":true,"href":"https:\/\/blogsaverroes.juntadeandalucia.es\/iestriana\/wp-json\/wp\/v2\/categories?post=4474"},{"taxonomy":"post_tag","embeddable":true,"href":"https:\/\/blogsaverroes.juntadeandalucia.es\/iestriana\/wp-json\/wp\/v2\/tags?post=4474"}],"curies":[{"name":"wp","href":"https:\/\/api.w.org\/{rel}","templated":true}]}}