{"id":4556,"date":"2020-07-27T18:18:00","date_gmt":"2020-07-27T18:18:00","guid":{"rendered":"https:\/\/blogsaverroes.juntadeandalucia.es\/iestriana\/?p=4556"},"modified":"2020-10-03T22:02:34","modified_gmt":"2020-10-03T22:02:34","slug":"cheque-libro","status":"publish","type":"post","link":"https:\/\/blogsaverroes.juntadeandalucia.es\/iestriana\/2020\/07\/27\/cheque-libro\/","title":{"rendered":"CHEQUE-LIBRO"},"content":{"rendered":"<p>Ya est\u00e1n disponibles los cheque libros para alumnos de 1\u00ba y 3\u00ba de ESO. (Aquellos alumnos de 3\u00ba que est\u00e9n pendientes de la evaluaci\u00f3n en septiembre, los tendr\u00e1n disponibles despu\u00e9s de las evaluaciones)<\/p>\n<p>Se recomienda descargar mediante la aplicaci\u00f3n pasen\/s\u00e9neca en un ordenador, no en el m\u00f3vil.<\/p>\n<p>Tambi\u00e9n se puede descargar directamente en el enlace \u00abpunto de recogida\u00bb desde cualquier navegador:<\/p>\n<p><a href=\"https:\/\/seneca.juntadeandalucia.es\/seneca\/puntoderecogida\/index.html\">https:\/\/seneca.juntadeandalucia.es\/seneca\/puntoderecogida\/index.html<\/a><\/p>\n<p>desde donde se puede acceder con la fecha de nacimiento y la clave iANDE<\/p>\n","protected":false},"excerpt":{"rendered":"<p>Ya est\u00e1n disponibles los cheque libros para alumnos de 1\u00ba y 3\u00ba de ESO. (Aquellos alumnos de 3\u00ba que est\u00e9n pendientes de la evaluaci\u00f3n en septiembre, los tendr\u00e1n disponibles despu\u00e9s de las evaluaciones) Se recomienda descargar mediante la aplicaci\u00f3n pasen\/s\u00e9neca en un ordenador, no en el m\u00f3vil. Tambi\u00e9n se puede descargar directamente en el enlace \u00abpunto de recogida\u00bb desde cualquier&#46;&#46;&#46;<\/p>\n","protected":false},"author":2000,"featured_media":4315,"comment_status":"closed","ping_status":"closed","sticky":false,"template":"","format":"standard","meta":{"ngg_post_thumbnail":0,"footnotes":""},"categories":[1975739],"tags":[],"aioseo_notices":[],"_links":{"self":[{"href":"https:\/\/blogsaverroes.juntadeandalucia.es\/iestriana\/wp-json\/wp\/v2\/posts\/4556"}],"collection":[{"href":"https:\/\/blogsaverroes.juntadeandalucia.es\/iestriana\/wp-json\/wp\/v2\/posts"}],"about":[{"href":"https:\/\/blogsaverroes.juntadeandalucia.es\/iestriana\/wp-json\/wp\/v2\/types\/post"}],"author":[{"embeddable":true,"href":"https:\/\/blogsaverroes.juntadeandalucia.es\/iestriana\/wp-json\/wp\/v2\/users\/2000"}],"replies":[{"embeddable":true,"href":"https:\/\/blogsaverroes.juntadeandalucia.es\/iestriana\/wp-json\/wp\/v2\/comments?post=4556"}],"version-history":[{"count":4,"href":"https:\/\/blogsaverroes.juntadeandalucia.es\/iestriana\/wp-json\/wp\/v2\/posts\/4556\/revisions"}],"predecessor-version":[{"id":4560,"href":"https:\/\/blogsaverroes.juntadeandalucia.es\/iestriana\/wp-json\/wp\/v2\/posts\/4556\/revisions\/4560"}],"wp:featuredmedia":[{"embeddable":true,"href":"https:\/\/blogsaverroes.juntadeandalucia.es\/iestriana\/wp-json\/wp\/v2\/media\/4315"}],"wp:attachment":[{"href":"https:\/\/blogsaverroes.juntadeandalucia.es\/iestriana\/wp-json\/wp\/v2\/media?parent=4556"}],"wp:term":[{"taxonomy":"category","embeddable":true,"href":"https:\/\/blogsaverroes.juntadeandalucia.es\/iestriana\/wp-json\/wp\/v2\/categories?post=4556"},{"taxonomy":"post_tag","embeddable":true,"href":"https:\/\/blogsaverroes.juntadeandalucia.es\/iestriana\/wp-json\/wp\/v2\/tags?post=4556"}],"curies":[{"name":"wp","href":"https:\/\/api.w.org\/{rel}","templated":true}]}}