{"id":5037,"date":"2021-01-20T09:54:37","date_gmt":"2021-01-20T09:54:37","guid":{"rendered":"https:\/\/blogsaverroes.juntadeandalucia.es\/iestriana\/?p=5037"},"modified":"2021-04-22T09:41:14","modified_gmt":"2021-04-22T09:41:14","slug":"projet-d-e-f-i","status":"publish","type":"post","link":"https:\/\/blogsaverroes.juntadeandalucia.es\/iestriana\/2021\/01\/20\/projet-d-e-f-i\/","title":{"rendered":"PROJET D.E.F.I."},"content":{"rendered":"<p><img loading=\"lazy\" decoding=\"async\" class=\"alignnone size-medium wp-image-5038\" src=\"https:\/\/blogsaverroes.juntadeandalucia.es\/iestriana\/files\/2021\/01\/logoErasmus-300x73.png\" alt=\"\" width=\"300\" height=\"73\" \/><\/p>\n<p style=\"text-align: justify\">Nos complace informar a toda la comunidad educativa que nuestro proyecto D.E.F.I (D\u00e9velopper, Encourager, Favoriser l\u2019Inclusion)(Desarrollar, animar, favorecer la inclusi\u00f3n), presentado en la convocatoria de 2020 de Erasmus + nos ha sido concedido. Este proyecto es una asociaci\u00f3n escolar en la que participamos tres centros educativos: el Lyc\u00e9e Alain de Francia, el Liceo Carlo Montarini de Italia y nosotros.<br \/>\n<!--more-->La financiaci\u00f3n de la Comunidad Europea nos permitir\u00e1 realizar los diferentes trabajos de investigaci\u00f3n y sobre todo una movilidad de todo el alumnado participante. La movilidad consiste en un intercambio con nuestro socio franc\u00e9s. Viajar\u00e1n 32 alumnos y 3 profesores a Alen\u00e7on, una peque\u00f1a ciudad de Normand\u00eda durante 10-12 d\u00edas. Seremos acogidos por las familias del alumnado del Lyc\u00e9e Alain, que participa en el proyecto.<\/p>\n<p style=\"text-align: justify\">La fecha del encuentro se ha tenido que retrasar a septiembre del curso que viene, debido a la situaci\u00f3n de la pandemia. Nos reuniremos en Francia los tres centros para intercambiar los resultados de nuestro trabajo.<br \/>\nA continuaci\u00f3n exponemos los datos fundamentales del proyecto.<\/p>\n<p style=\"text-align: justify\">Objetivo del proyecto: descubrir, diagnosticar y mejorar la inclusi\u00f3n de personas en situaci\u00f3n de discapacidad en un centro escolar extranjero europeo.<\/p>\n<p style=\"text-align: justify\">Descripci\u00f3n del proyecto: El proyecto se apoya en la definici\u00f3n de la OMS de discapacidad: \u201c\u00a0una persona discapacitada es cualquier persona cuya integridad f\u00edsica o mental se vea afectada temporal o permanentemente, ya sea cong\u00e9nitamente, como resultado de la edad o un accidente\u00bb.(\u2026) , por lo que se compromete su autonom\u00eda y su capacidad para asistir a la escuela o tener un trabajo \u201d.<\/p>\n<p style=\"text-align: justify\">Los alumnos participantes de los tres pa\u00edses participantes, Francia, Italia y Espa\u00f1a participar\u00e1n en un intercambio, aloj\u00e1ndose en las familias. Durante el intercambio, cada grupo investigar\u00e1 sobre los protocolos de inclusi\u00f3n en el Instituto de acogida, en nuestro caso le Lyc\u00e9e Alain. Dichas investigaciones terminar\u00e1n con un informe del instituto observado y con la redacci\u00f3n de una \u201ccarta de la inclusi\u00f3n\u201d.Cada centro trabajar\u00e1 con su alumnado para que puedan conocer la situaci\u00f3n de la inclusi\u00f3n en su pa\u00eds y en su centro en concreto.<br \/>\nFechas previstas de la movilidad: 22 septiembre al 02 octubre 2021 (viaje a Francia); 19-26 octubre (viaje de los franceses). Estas fechas son provisionales y se podr\u00e1n modificar en funci\u00f3n de las necesidades y de la situaci\u00f3n de la pandemia.<\/p>\n<p style=\"text-align: justify\">Objetivos pedag\u00f3gicos:<br \/>\n\u2022 Mejora de la competencia ling\u00fc\u00edstica ( oral y escrita)<br \/>\n\u2022 Mejora de la competencia en el trabajo colaborativo y de mediaci\u00f3n.<br \/>\n\u2022 Mejora en la competencia digital.<br \/>\n\u2022 Mejora en la competencia ciudadana: apertura hacia los otros y toma de conciencia de la problem\u00e1tica de la inclusi\u00f3n a escala europea.<\/p>\n<p style=\"text-align: justify\">Objetivos para la comunidad educativa:<br \/>\nHacer una reflexi\u00f3n formal y distanciada de la actuaci\u00f3n con nuestros alumnos en situaci\u00f3n de discapacidad. El diagn\u00f3stico y la \u201cCarta\u201d elaborada por el alumnado pretenden hacer cambiar o mejorar las pr\u00e1cticas de los centros.<\/p>\n<p style=\"text-align: justify\">Productos a realizar:<br \/>\nAntes de la movilidad: Preparaci\u00f3n de la investigaci\u00f3n:<br \/>\n&#8211; \u00bfQu\u00e9 ver? \/ 1ras informaciones sobre la inclusi\u00f3n en su pa\u00eds y en el pa\u00eds de acogida.<br \/>\n&#8211; \u00bf Con quien hablar? \/profesorado, alumnado del centro, Orientadora, EOE, Expertos, Administraciones locales y provinciales, etc.<br \/>\n&#8211; Evaluar la situaci\u00f3n en nuestro centro y propuestas de mejora.<br \/>\nDurante la movilidad:<br \/>\n\u2022 Llevar a cabo una investigaci\u00f3n sobre las actuaciones y puesta en marcha de la inclusi\u00f3n. En Francia<br \/>\n\u2022 Informe de la investigaci\u00f3n llevada a cabo en el centro de acogida. El informe se presentar\u00e1 a la comunidad educativa del instituto en forma de conferencia.<br \/>\nDespu\u00e9s de la movilidad:<br \/>\n\u2022 Establecer un diagn\u00f3stico de la actuaci\u00f3n para la inclusi\u00f3n en el pa\u00eds visitado y propuesta de una reflexi\u00f3n sobre los puntos fuerte, puntos d\u00e9biles y perspectivas de trabajo.<br \/>\n\u2022 Proponer una \u201cCarta por la inclusi\u00f3n\u201d, que tomar\u00eda as\u00ed una dimensi\u00f3n europea. (Escrita de manera colectiva en la plataforma etwinning.)<\/p>\n<p style=\"text-align: justify\">PLAN DE TRABAJO<br \/>\n1- Formaci\u00f3n de grupos de trabajo.<br \/>\n2- Reparto de las tareas por grupos.<br \/>\n3- Elaboraci\u00f3n de un planning, con fechas concretas.<br \/>\n4- Presentaci\u00f3n personal (mon portrait chinois) y conocer la plataforma etwinning.<br \/>\n5- Creaci\u00f3n de un Blog para el proyecto que ir\u00e1 asociado a la p\u00e1gina web del centro y compartido en etwinning.<br \/>\n6- Elaboraci\u00f3n de videos sobre el centro, el barrio de Triana y de Sevilla.<br \/>\n7- Localizar a las personas del centro que trabajan directamente por la inclusi\u00f3n. Preparar entrevistas con agentes concernidos en la inclusi\u00f3n de nuestro centro.<br \/>\na. Departamento de Orientaci\u00f3n.<br \/>\nb. Aula espec\u00edfica<br \/>\nc. Aula de apoyo<br \/>\nd. Alumnado PMAR, del aula espec\u00edfica y de Apoyo<br \/>\ne. Logopeda<br \/>\n8- Elaboraci\u00f3n de las entrevistas, grabaci\u00f3n, redacci\u00f3n de un informe y difusi\u00f3n de las conclusiones en el programa de radio \u201cProyecto D.E.F.I.\u201d y en el canal de YouTube del instituto.<br \/>\n9- Conocer las administraciones y las leyes por la inclusi\u00f3n en el sistema educativo. Redactar una carta donde se expongan los problemas detectados en el centro y enviarla a todas las administraciones concernidas:<br \/>\na. Distrito<br \/>\nb. Ayuntamiento<br \/>\nc. Junta de Andaluc\u00eda. Consejer\u00eda de Educaci\u00f3n.<br \/>\n10- Preparar un itinerario de visitas para la acogida, con perspectiva de inclusi\u00f3n.<\/p>\n<p style=\"text-align: justify\">Invitamos a toda la comunidad educativa a seguir la progresi\u00f3n de nuestro trabajo en el Blog que crearemos y en el que alojaremos todas nuestras producciones, tambi\u00e9n en las emisiones desde radio Triana y en el canal youtube del instituto.<\/p>\n","protected":false},"excerpt":{"rendered":"<p>Nos complace informar a toda la comunidad educativa que nuestro proyecto D.E.F.I (D\u00e9velopper, Encourager, Favoriser l\u2019Inclusion)(Desarrollar, animar, favorecer la inclusi\u00f3n), presentado en la convocatoria de 2020 de Erasmus + nos ha sido concedido. Este proyecto es una asociaci\u00f3n escolar en la que participamos tres centros educativos: el Lyc\u00e9e Alain de Francia, el Liceo Carlo Montarini de Italia y nosotros.<\/p>\n","protected":false},"author":2278,"featured_media":5043,"comment_status":"closed","ping_status":"closed","sticky":false,"template":"","format":"standard","meta":{"ngg_post_thumbnail":0,"footnotes":""},"categories":[796343,1975739],"tags":[],"aioseo_notices":[],"_links":{"self":[{"href":"https:\/\/blogsaverroes.juntadeandalucia.es\/iestriana\/wp-json\/wp\/v2\/posts\/5037"}],"collection":[{"href":"https:\/\/blogsaverroes.juntadeandalucia.es\/iestriana\/wp-json\/wp\/v2\/posts"}],"about":[{"href":"https:\/\/blogsaverroes.juntadeandalucia.es\/iestriana\/wp-json\/wp\/v2\/types\/post"}],"author":[{"embeddable":true,"href":"https:\/\/blogsaverroes.juntadeandalucia.es\/iestriana\/wp-json\/wp\/v2\/users\/2278"}],"replies":[{"embeddable":true,"href":"https:\/\/blogsaverroes.juntadeandalucia.es\/iestriana\/wp-json\/wp\/v2\/comments?post=5037"}],"version-history":[{"count":4,"href":"https:\/\/blogsaverroes.juntadeandalucia.es\/iestriana\/wp-json\/wp\/v2\/posts\/5037\/revisions"}],"predecessor-version":[{"id":5042,"href":"https:\/\/blogsaverroes.juntadeandalucia.es\/iestriana\/wp-json\/wp\/v2\/posts\/5037\/revisions\/5042"}],"wp:featuredmedia":[{"embeddable":true,"href":"https:\/\/blogsaverroes.juntadeandalucia.es\/iestriana\/wp-json\/wp\/v2\/media\/5043"}],"wp:attachment":[{"href":"https:\/\/blogsaverroes.juntadeandalucia.es\/iestriana\/wp-json\/wp\/v2\/media?parent=5037"}],"wp:term":[{"taxonomy":"category","embeddable":true,"href":"https:\/\/blogsaverroes.juntadeandalucia.es\/iestriana\/wp-json\/wp\/v2\/categories?post=5037"},{"taxonomy":"post_tag","embeddable":true,"href":"https:\/\/blogsaverroes.juntadeandalucia.es\/iestriana\/wp-json\/wp\/v2\/tags?post=5037"}],"curies":[{"name":"wp","href":"https:\/\/api.w.org\/{rel}","templated":true}]}}