{"id":5160,"date":"2021-03-07T20:26:47","date_gmt":"2021-03-07T20:26:47","guid":{"rendered":"https:\/\/blogsaverroes.juntadeandalucia.es\/iestriana\/?p=5160"},"modified":"2021-05-28T11:01:47","modified_gmt":"2021-05-28T11:01:47","slug":"5160","status":"publish","type":"post","link":"https:\/\/blogsaverroes.juntadeandalucia.es\/iestriana\/2021\/03\/07\/5160\/","title":{"rendered":"D\u00cdA DE LA MUJER (8 DE MARZO)"},"content":{"rendered":"<p style=\"text-align: justify\">Hace m\u00e1s de 100 a\u00f1os, las mujeres que siempre han sido menospreciadas; aquellas mujeres que deb\u00edan quedarse en casa a cuidar de los ni\u00f1os y complacer a su marido, aquellas mujeres explotadas en las f\u00e1bricas; esas a las que en algunos pa\u00edses todav\u00eda se les arrebata el derecho a casarse con quien les plazca, o estudiar donde y lo que deseen; esas mujeres salieron a la calle por primera vez en la historia. Salieron a la calle tras darse cuenta de la diferencia de salarios con respecto a sus maridos. Salieron a la calle para reclamar la libertad y la justicia como trabajadoras que les faltaba. \u00bfQu\u00e9 importancia tuvo aquella manifestaci\u00f3n por los derechos de esas mujeres trabajadoras?<\/p>\n<p><!--more--><\/p>\n<p style=\"text-align: justify\">Bueno, a d\u00eda de hoy, las mujeres seguimos saliendo a la calle, para que, con suerte dentro de 100 a\u00f1os no tengamos que salir a la calle y seguir pidiendo la igualdad.<\/p>\n<p style=\"text-align: justify\">S\u00ed, hemos evolucionado. Hemos conseguido el derecho al voto, el poder trabajar en algo m\u00e1s que cocinar y limpiar. A lo largo de los a\u00f1os, nuestro papel ha ido cambiando. Hemos conseguido ser y vivir independientes, sin depender de nuestro padre, pareja o hermano. Tener nuestros propios sue\u00f1os, y atrevernos a cumplirlos, por dif\u00edciles que sean. Hemos logrado igualar los roles de g\u00e9nero en las familias, pap\u00e1 y mam\u00e1 ayudan lo mismo en casa. En la escuela, se intenta educar en base a la igualdad, se dan charlas remarcando lo importante que es que nos tratemos igual los unos a los otros, sin distinci\u00f3n de nacionalidad, etnia, religi\u00f3n, orientaci\u00f3n sexual o g\u00e9nero. En los grupos de amigos, poco a poco estamos consiguiendo que esos estereotipos de lo que es de t\u00eda y de t\u00edo, cada vez se utilicen menos, y al igual en la sociedad. La sociedad en s\u00ed es la que tenemos que cambiar. Esa sociedad que no nos deja llevar la ropa que queramos, no pantalones tan cortos, pero un poco m\u00e1s de maquillaje, y esa camiseta no que se te marcan demasiado los pechos. Quiero salir a la calle y no tener miedo ni una sola vez. Da igual donde est\u00e9 ni qu\u00e9 hora sea.<\/p>\n<p style=\"text-align: justify\">Me gustar\u00eda de verdad que todas las ni\u00f1as y mujeres del mundo tuvieran una educaci\u00f3n y pudieran ir a la escuela sin sentirse amenazadas. Que puedan formarse como mujer de bandera y profesionalmente. Que puedan descubrir sus gustos a trav\u00e9s de la experiencia. Por eso la importancia de este d\u00eda. Por todo esto que nos demos cuenta de lo que hemos conseguido, y que nos sirva para terminar lo que hemos empezado. Por esto la importancia del feminismo. Porque estamos en 2021, y ese sentimiento de empoderamiento lo tenemos que usar hoy. Hoy nos toca seguir en la lucha.<br \/>\n!!!!!Que a\u00fan nos queda mucho por lograr!!!!<\/p>\n<p style=\"text-align: right\">Luc\u00eda Canora, 2\u00ba Bachillerato<br \/>\nAETP TRIANA<\/p>\n<p>[youtube https:\/\/www.youtube.com\/watch?v=Iobgyyi1tvE]<\/p>\n","protected":false},"excerpt":{"rendered":"<p>Hace m\u00e1s de 100 a\u00f1os, las mujeres que siempre han sido menospreciadas; aquellas mujeres que deb\u00edan quedarse en casa a cuidar de los ni\u00f1os y complacer a su marido, aquellas mujeres explotadas en las f\u00e1bricas; esas a las que en algunos pa\u00edses todav\u00eda se les arrebata el derecho a casarse con quien les plazca, o estudiar donde y lo que&#46;&#46;&#46;<\/p>\n","protected":false},"author":2278,"featured_media":5161,"comment_status":"closed","ping_status":"closed","sticky":false,"template":"","format":"standard","meta":{"ngg_post_thumbnail":0,"footnotes":""},"categories":[1975739],"tags":[],"aioseo_notices":[],"_links":{"self":[{"href":"https:\/\/blogsaverroes.juntadeandalucia.es\/iestriana\/wp-json\/wp\/v2\/posts\/5160"}],"collection":[{"href":"https:\/\/blogsaverroes.juntadeandalucia.es\/iestriana\/wp-json\/wp\/v2\/posts"}],"about":[{"href":"https:\/\/blogsaverroes.juntadeandalucia.es\/iestriana\/wp-json\/wp\/v2\/types\/post"}],"author":[{"embeddable":true,"href":"https:\/\/blogsaverroes.juntadeandalucia.es\/iestriana\/wp-json\/wp\/v2\/users\/2278"}],"replies":[{"embeddable":true,"href":"https:\/\/blogsaverroes.juntadeandalucia.es\/iestriana\/wp-json\/wp\/v2\/comments?post=5160"}],"version-history":[{"count":3,"href":"https:\/\/blogsaverroes.juntadeandalucia.es\/iestriana\/wp-json\/wp\/v2\/posts\/5160\/revisions"}],"predecessor-version":[{"id":5169,"href":"https:\/\/blogsaverroes.juntadeandalucia.es\/iestriana\/wp-json\/wp\/v2\/posts\/5160\/revisions\/5169"}],"wp:featuredmedia":[{"embeddable":true,"href":"https:\/\/blogsaverroes.juntadeandalucia.es\/iestriana\/wp-json\/wp\/v2\/media\/5161"}],"wp:attachment":[{"href":"https:\/\/blogsaverroes.juntadeandalucia.es\/iestriana\/wp-json\/wp\/v2\/media?parent=5160"}],"wp:term":[{"taxonomy":"category","embeddable":true,"href":"https:\/\/blogsaverroes.juntadeandalucia.es\/iestriana\/wp-json\/wp\/v2\/categories?post=5160"},{"taxonomy":"post_tag","embeddable":true,"href":"https:\/\/blogsaverroes.juntadeandalucia.es\/iestriana\/wp-json\/wp\/v2\/tags?post=5160"}],"curies":[{"name":"wp","href":"https:\/\/api.w.org\/{rel}","templated":true}]}}