{"id":98,"date":"2022-05-15T18:17:42","date_gmt":"2022-05-15T18:17:42","guid":{"rendered":"https:\/\/blogsaverroes.juntadeandalucia.es\/iestrianaaeroespacial\/?p=98"},"modified":"2022-05-15T18:17:42","modified_gmt":"2022-05-15T18:17:42","slug":"carrying-the-fire","status":"publish","type":"post","link":"https:\/\/blogsaverroes.juntadeandalucia.es\/iestrianaaeroespacial\/2022\/05\/15\/carrying-the-fire\/","title":{"rendered":"Carrying the fire"},"content":{"rendered":"<p><strong>Carrying the fire<\/strong><\/p>\n<p>Carrying the fire es la autobiograf\u00eda de Michael Collins, el libro trata sobre la vida de Collins como piloto de avi\u00f3n y tambi\u00e9n habla sobre el Gemini 10 y el Apollo 11, las misiones en las que \u00e9l estuvo involucrado.<\/p>\n<p>Michael Collins naci\u00f3 en Roma, en 1930 hijo de James Lawton y Patricia Finnegan.<\/p>\n<p>Fue aviador y astronauta estadounidense y vol\u00f3 en 1969 en el m\u00f3dulo Columbia del Apolo 11.<\/p>\n<p>Fue en dos ocasiones al espacio, su primera misi\u00f3n fue el Gemini 10, m\u00e1s tarde, en la misi\u00f3n Apollo 11 orbit\u00f3 la luna 30 veces.<\/p>\n<p>&nbsp;<\/p>\n<p>Opini\u00f3n personal: El libro es interesante, aunque me gustar\u00eda que hablase m\u00e1s sobre el espacio y menos sobre la vida de Collins, pero supongo que es lo t\u00edpico de una autobiograf\u00eda.<\/p>\n","protected":false},"excerpt":{"rendered":"<p>Carrying the fire Carrying the fire es la autobiograf\u00eda de Michael Collins, el libro trata sobre la vida de Collins como piloto de avi\u00f3n y tambi\u00e9n habla sobre el Gemini 10 y el Apollo 11, las misiones en las que \u00e9l estuvo involucrado. Michael Collins naci\u00f3 en Roma, en 1930 hijo de James Lawton y &hellip; <a href=\"https:\/\/blogsaverroes.juntadeandalucia.es\/iestrianaaeroespacial\/2022\/05\/15\/carrying-the-fire\/\" class=\"more-link\">Continuar leyendo<span class=\"screen-reader-text\"> \u00abCarrying the fire\u00bb<\/span><\/a><\/p>\n","protected":false},"author":14597,"featured_media":0,"comment_status":"open","ping_status":"open","sticky":false,"template":"","format":"standard","meta":{"ngg_post_thumbnail":0,"footnotes":""},"categories":[1],"tags":[],"aioseo_notices":[],"_links":{"self":[{"href":"https:\/\/blogsaverroes.juntadeandalucia.es\/iestrianaaeroespacial\/wp-json\/wp\/v2\/posts\/98"}],"collection":[{"href":"https:\/\/blogsaverroes.juntadeandalucia.es\/iestrianaaeroespacial\/wp-json\/wp\/v2\/posts"}],"about":[{"href":"https:\/\/blogsaverroes.juntadeandalucia.es\/iestrianaaeroespacial\/wp-json\/wp\/v2\/types\/post"}],"author":[{"embeddable":true,"href":"https:\/\/blogsaverroes.juntadeandalucia.es\/iestrianaaeroespacial\/wp-json\/wp\/v2\/users\/14597"}],"replies":[{"embeddable":true,"href":"https:\/\/blogsaverroes.juntadeandalucia.es\/iestrianaaeroespacial\/wp-json\/wp\/v2\/comments?post=98"}],"version-history":[{"count":2,"href":"https:\/\/blogsaverroes.juntadeandalucia.es\/iestrianaaeroespacial\/wp-json\/wp\/v2\/posts\/98\/revisions"}],"predecessor-version":[{"id":316,"href":"https:\/\/blogsaverroes.juntadeandalucia.es\/iestrianaaeroespacial\/wp-json\/wp\/v2\/posts\/98\/revisions\/316"}],"wp:attachment":[{"href":"https:\/\/blogsaverroes.juntadeandalucia.es\/iestrianaaeroespacial\/wp-json\/wp\/v2\/media?parent=98"}],"wp:term":[{"taxonomy":"category","embeddable":true,"href":"https:\/\/blogsaverroes.juntadeandalucia.es\/iestrianaaeroespacial\/wp-json\/wp\/v2\/categories?post=98"},{"taxonomy":"post_tag","embeddable":true,"href":"https:\/\/blogsaverroes.juntadeandalucia.es\/iestrianaaeroespacial\/wp-json\/wp\/v2\/tags?post=98"}],"curies":[{"name":"wp","href":"https:\/\/api.w.org\/{rel}","templated":true}]}}