{"id":2580,"date":"2020-11-22T09:17:05","date_gmt":"2020-11-22T09:17:05","guid":{"rendered":"http:\/\/blogsaverroes.juntadeandalucia.es\/iesvalledelgenal\/?p=2580"},"modified":"2021-06-14T22:28:00","modified_gmt":"2021-06-14T22:28:00","slug":"datos-del-centro","status":"publish","type":"post","link":"https:\/\/blogsaverroes.juntadeandalucia.es\/iesvalledelgenal\/2020\/11\/22\/datos-del-centro\/","title":{"rendered":"DATOS DEL CENTRO"},"content":{"rendered":"<p style=\"text-align: left\">El IES \u201cValle del Genal\u201d comenz\u00f3 su andadura en el curso escolar 2002\/2003, se encuentra ubicado en el Paraje \u201cLos Hoyos\u201d, a unos 2 Km. del pueblo de Algatoc\u00edn, d\u00f3nde est\u00e1n escolarizados alumnos y alumnas con edades comprendidas entre los doce y los dieciocho a\u00f1os y procedentes de 8 municipios de la Serran\u00eda de Ronda: Algatoc\u00edn, Atajate, Benadalid, Benalaur\u00eda, Benarrab\u00e1, Gauc\u00edn, Genaguacil, Jubrique y dos pedan\u00edas (Siete Pilas y Salitre) que forman el Valle del Genal.<\/p>\n<p>[googlemaps https:\/\/www.google.com\/maps\/embed?pb=!1m14!1m8!1m3!1d12815.049024441087!2d-5.2776375!3d36.5839466!3m2!1i1024!2i768!4f13.1!3m3!1m2!1s0x0%3A0x248ebbff98b90daa!2sIES+Valle+del+Genal!5e0!3m2!1ses!2ses!4v1479499859335&amp;w=600&amp;h=450]<\/p>\n<p>Datos de contacto<\/p>\n<p>Instituto de Educaci\u00f3n Secuandaria Valle del Genal<\/p>\n<p>Direcci\u00f3n: &nbsp;Paraje Los Hoyos s\/n&nbsp;29491&nbsp;Algatoc\u00edn<\/p>\n<p>Tel\u00e9fono \/ FAX: 952159900<\/p>\n<p>Email: iesvalledelgenal@gmail.com<\/p>\n<p>&nbsp; &nbsp; &nbsp; &nbsp; &nbsp; &nbsp; iesvalledelgenal@iesvalledelgenal.es<\/p>\n<p>Horarios<\/p>\n<p>El centro est\u00e1 abierto de Lunes a Viernes de 8:15 a 14:45 durante el per\u00edodo escolar.<\/p>\n<p>Oferta educativa<\/p>\n<p>Se imparten los cuatro cursos de Educaci\u00f3n Secundaria Obligatoria y el Programa de Mejora del Aprendizaje y del Rendimiento.<\/p>\n<p>Instalaciones<\/p>\n<p>El centro dispone, adem\u00e1s de las aulas ordinarias, de Biblioteca, &nbsp;un aula de usos m\u00faltiples, aulas espec\u00edficas de Dibujo, Tecnolog\u00eda, Ciencias Naturales, Franc\u00e9s y M\u00fasica, pabell\u00f3n, pistas deportivas y sal\u00f3n de actos.<\/p>\n","protected":false},"excerpt":{"rendered":"<p>El IES \u201cValle del Genal\u201d comenz\u00f3 su andadura en el curso escolar 2002\/2003, se encuentra ubicado en el Paraje \u201cLos Hoyos\u201d, a unos 2 Km. del pueblo de Algatoc\u00edn, d\u00f3nde est\u00e1n escolarizados alumnos y&#46;&#46;&#46;<\/p>\n","protected":false},"author":4259,"featured_media":0,"comment_status":"open","ping_status":"open","sticky":false,"template":"","format":"standard","meta":{"ngg_post_thumbnail":0,"footnotes":""},"categories":[1062822],"tags":[],"aioseo_notices":[],"_links":{"self":[{"href":"https:\/\/blogsaverroes.juntadeandalucia.es\/iesvalledelgenal\/wp-json\/wp\/v2\/posts\/2580"}],"collection":[{"href":"https:\/\/blogsaverroes.juntadeandalucia.es\/iesvalledelgenal\/wp-json\/wp\/v2\/posts"}],"about":[{"href":"https:\/\/blogsaverroes.juntadeandalucia.es\/iesvalledelgenal\/wp-json\/wp\/v2\/types\/post"}],"author":[{"embeddable":true,"href":"https:\/\/blogsaverroes.juntadeandalucia.es\/iesvalledelgenal\/wp-json\/wp\/v2\/users\/4259"}],"replies":[{"embeddable":true,"href":"https:\/\/blogsaverroes.juntadeandalucia.es\/iesvalledelgenal\/wp-json\/wp\/v2\/comments?post=2580"}],"version-history":[{"count":2,"href":"https:\/\/blogsaverroes.juntadeandalucia.es\/iesvalledelgenal\/wp-json\/wp\/v2\/posts\/2580\/revisions"}],"predecessor-version":[{"id":2673,"href":"https:\/\/blogsaverroes.juntadeandalucia.es\/iesvalledelgenal\/wp-json\/wp\/v2\/posts\/2580\/revisions\/2673"}],"wp:attachment":[{"href":"https:\/\/blogsaverroes.juntadeandalucia.es\/iesvalledelgenal\/wp-json\/wp\/v2\/media?parent=2580"}],"wp:term":[{"taxonomy":"category","embeddable":true,"href":"https:\/\/blogsaverroes.juntadeandalucia.es\/iesvalledelgenal\/wp-json\/wp\/v2\/categories?post=2580"},{"taxonomy":"post_tag","embeddable":true,"href":"https:\/\/blogsaverroes.juntadeandalucia.es\/iesvalledelgenal\/wp-json\/wp\/v2\/tags?post=2580"}],"curies":[{"name":"wp","href":"https:\/\/api.w.org\/{rel}","templated":true}]}}