{"id":2851,"date":"2021-06-24T16:52:44","date_gmt":"2021-06-24T16:52:44","guid":{"rendered":"https:\/\/blogsaverroes.juntadeandalucia.es\/iesvalleinclan\/?p=2851"},"modified":"2024-05-11T16:45:28","modified_gmt":"2024-05-11T16:45:28","slug":"informacion-sobre-fp-en-el-ies-valle-inclan","status":"publish","type":"post","link":"https:\/\/blogsaverroes.juntadeandalucia.es\/iesvalleinclan\/2021\/06\/24\/informacion-sobre-fp-en-el-ies-valle-inclan\/","title":{"rendered":"Informaci\u00f3n sobre FP en el IES Valle Incl\u00e1n"},"content":{"rendered":"<h1 style=\"text-align: center\"><a href=\"https:\/\/www.canva.com\/design\/DAGE1GCjxNM\/TkwohkJ4ZZSMlRnIl5nXSw\/view\">Ciclos de Formaci\u00f3n Profesional. Informaci\u00f3n sobre Primer Curso<\/a><\/h1>\n<p style=\"text-align: center\"><strong>Grado Medio de Sistemas Microinform\u00e1ticos y Redes<\/strong><\/p>\n<p style=\"text-align: center\"><strong>y<\/strong><\/p>\n<p style=\"text-align: center\"><strong>Grado Superior de Desarrollo de Aplicaciones Multiplataforma<\/strong><\/p>\n<p><a href=\"https:\/\/blogsaverroes.juntadeandalucia.es\/iesvalleinclan\/2021\/06\/23\/escolarizacion-fp-2021\/logoies_25\/\" rel=\"attachment wp-att-2811\"><img loading=\"lazy\" decoding=\"async\" class=\"size-medium wp-image-2811 alignright\" src=\"https:\/\/blogsaverroes.juntadeandalucia.es\/iesvalleinclan\/files\/2021\/05\/LogoIES_25-300x99.jpg\" alt=\"\" width=\"300\" height=\"99\" srcset=\"https:\/\/blogsaverroes.juntadeandalucia.es\/iesvalleinclan\/files\/2021\/05\/LogoIES_25-300x99.jpg 300w, https:\/\/blogsaverroes.juntadeandalucia.es\/iesvalleinclan\/files\/2021\/05\/LogoIES_25.jpg 471w\" sizes=\"(max-width: 300px) 100vw, 300px\" \/><\/a><\/p>\n","protected":false},"excerpt":{"rendered":"<p>Ciclos de Formaci\u00f3n Profesional. Informaci\u00f3n sobre Primer Curso Grado Medio de Sistemas Microinform\u00e1ticos y Redes y Grado Superior de Desarrollo de Aplicaciones Multiplataforma<\/p>\n","protected":false},"author":7918,"featured_media":0,"comment_status":"open","ping_status":"open","sticky":false,"template":"","format":"image","meta":{"ngg_post_thumbnail":0,"footnotes":""},"categories":[11909],"tags":[],"aioseo_notices":[],"_links":{"self":[{"href":"https:\/\/blogsaverroes.juntadeandalucia.es\/iesvalleinclan\/wp-json\/wp\/v2\/posts\/2851"}],"collection":[{"href":"https:\/\/blogsaverroes.juntadeandalucia.es\/iesvalleinclan\/wp-json\/wp\/v2\/posts"}],"about":[{"href":"https:\/\/blogsaverroes.juntadeandalucia.es\/iesvalleinclan\/wp-json\/wp\/v2\/types\/post"}],"author":[{"embeddable":true,"href":"https:\/\/blogsaverroes.juntadeandalucia.es\/iesvalleinclan\/wp-json\/wp\/v2\/users\/7918"}],"replies":[{"embeddable":true,"href":"https:\/\/blogsaverroes.juntadeandalucia.es\/iesvalleinclan\/wp-json\/wp\/v2\/comments?post=2851"}],"version-history":[{"count":5,"href":"https:\/\/blogsaverroes.juntadeandalucia.es\/iesvalleinclan\/wp-json\/wp\/v2\/posts\/2851\/revisions"}],"predecessor-version":[{"id":3393,"href":"https:\/\/blogsaverroes.juntadeandalucia.es\/iesvalleinclan\/wp-json\/wp\/v2\/posts\/2851\/revisions\/3393"}],"wp:attachment":[{"href":"https:\/\/blogsaverroes.juntadeandalucia.es\/iesvalleinclan\/wp-json\/wp\/v2\/media?parent=2851"}],"wp:term":[{"taxonomy":"category","embeddable":true,"href":"https:\/\/blogsaverroes.juntadeandalucia.es\/iesvalleinclan\/wp-json\/wp\/v2\/categories?post=2851"},{"taxonomy":"post_tag","embeddable":true,"href":"https:\/\/blogsaverroes.juntadeandalucia.es\/iesvalleinclan\/wp-json\/wp\/v2\/tags?post=2851"}],"curies":[{"name":"wp","href":"https:\/\/api.w.org\/{rel}","templated":true}]}}