{"id":2936,"date":"2021-01-13T12:24:40","date_gmt":"2021-01-13T11:24:40","guid":{"rendered":"http:\/\/www.iesvicentenunez.es\/?p=2005"},"modified":"2021-01-13T12:24:40","modified_gmt":"2021-01-13T11:24:40","slug":"8-meses-8-causas-4","status":"publish","type":"post","link":"https:\/\/blogsaverroes.juntadeandalucia.es\/iesvcn\/8-meses-8-causas-4\/","title":{"rendered":"8 meses, 8 causas"},"content":{"rendered":"\n<p>Dentro de nuestro proyecto 8 meses, 8 causas, este mes de enero nos proponemos que sea el mes de la paz, que aunque debe de estar presente los 365 d\u00edas del a\u00f1o no viene mal hacer especial hincapi\u00e9 en tan noble causa este primer mes del a\u00f1o.<\/p>\n\n\n\n<figure class=\"wp-block-image size-large is-resized\"><img fetchpriority=\"high\" decoding=\"async\" src=\"http:\/\/www.iesvicentenunez.es\/wp-content\/uploads\/2021\/01\/Diciembre-La-Paz-724x1024.png\" alt=\"Cartel elaborado para el proyecto 8 meses, 8 causas. Este mes de enero nos centramos en la paz.\" class=\"wp-image-2006\" width=\"362\" height=\"512\" \/><\/figure>\n","protected":false},"excerpt":{"rendered":"<p>Dentro de nuestro proyecto 8 meses, 8 causas, este mes de enero nos proponemos que sea el mes de la paz, que aunque debe de estar presente los 365 d\u00edas del a\u00f1o no viene mal hacer especial hincapi\u00e9 en tan&#46;&#46;&#46;<\/p>\n","protected":false},"author":14460,"featured_media":2006,"comment_status":"open","ping_status":"open","sticky":false,"template":"","format":"standard","meta":{"ngg_post_thumbnail":0,"footnotes":""},"categories":[29],"tags":[27,28,22,30],"aioseo_notices":[],"_links":{"self":[{"href":"https:\/\/blogsaverroes.juntadeandalucia.es\/iesvcn\/wp-json\/wp\/v2\/posts\/2936"}],"collection":[{"href":"https:\/\/blogsaverroes.juntadeandalucia.es\/iesvcn\/wp-json\/wp\/v2\/posts"}],"about":[{"href":"https:\/\/blogsaverroes.juntadeandalucia.es\/iesvcn\/wp-json\/wp\/v2\/types\/post"}],"author":[{"embeddable":true,"href":"https:\/\/blogsaverroes.juntadeandalucia.es\/iesvcn\/wp-json\/wp\/v2\/users\/14460"}],"replies":[{"embeddable":true,"href":"https:\/\/blogsaverroes.juntadeandalucia.es\/iesvcn\/wp-json\/wp\/v2\/comments?post=2936"}],"version-history":[{"count":0,"href":"https:\/\/blogsaverroes.juntadeandalucia.es\/iesvcn\/wp-json\/wp\/v2\/posts\/2936\/revisions"}],"wp:featuredmedia":[{"embeddable":true,"href":"https:\/\/blogsaverroes.juntadeandalucia.es\/iesvcn\/wp-json\/"}],"wp:attachment":[{"href":"https:\/\/blogsaverroes.juntadeandalucia.es\/iesvcn\/wp-json\/wp\/v2\/media?parent=2936"}],"wp:term":[{"taxonomy":"category","embeddable":true,"href":"https:\/\/blogsaverroes.juntadeandalucia.es\/iesvcn\/wp-json\/wp\/v2\/categories?post=2936"},{"taxonomy":"post_tag","embeddable":true,"href":"https:\/\/blogsaverroes.juntadeandalucia.es\/iesvcn\/wp-json\/wp\/v2\/tags?post=2936"}],"curies":[{"name":"wp","href":"https:\/\/api.w.org\/{rel}","templated":true}]}}