{"id":2938,"date":"2021-02-15T13:41:45","date_gmt":"2021-02-15T12:41:45","guid":{"rendered":"http:\/\/www.iesvicentenunez.es\/?p=2034"},"modified":"2021-02-15T13:41:45","modified_gmt":"2021-02-15T12:41:45","slug":"8-meses-8-causas-febrero","status":"publish","type":"post","link":"https:\/\/blogsaverroes.juntadeandalucia.es\/iesvcn\/8-meses-8-causas-febrero\/","title":{"rendered":"8 meses, 8 causas. Febrero"},"content":{"rendered":"\n<p>Dentro del programa Escuela: Espacio de Paz &#8220;8 meses, 8 causas&#8221;, durante el mes de febrero intentaremos concienciar a nuestro alumnado sobre la necesidad y la importancia del reciclado de residuos como medio para cuidar la naturaleza.<\/p>\n\n\n\n<figure class=\"wp-block-image size-large\"><img decoding=\"async\" src=\"http:\/\/www.iesvicentenunez.es\/wp-content\/uploads\/2021\/02\/Cartel-de-febrero-21-Reciclaje-724x1024.png\" alt=\"Cartel de la campa\u00f1a 8 meses 8 causas del IES Vicente N\u00fa\u00f1ez\" class=\"wp-image-2035\" \/><\/figure>\n","protected":false},"excerpt":{"rendered":"<p>Dentro del programa Escuela: Espacio de Paz &#8220;8 meses, 8 causas&#8221;, durante el mes de febrero intentaremos concienciar a nuestro alumnado sobre la necesidad y la importancia del reciclado de residuos como medio para cuidar la naturaleza.<\/p>\n","protected":false},"author":14460,"featured_media":2035,"comment_status":"open","ping_status":"open","sticky":false,"template":"","format":"standard","meta":{"ngg_post_thumbnail":0,"footnotes":""},"categories":[29,12],"tags":[35,36,37,38],"aioseo_notices":[],"_links":{"self":[{"href":"https:\/\/blogsaverroes.juntadeandalucia.es\/iesvcn\/wp-json\/wp\/v2\/posts\/2938"}],"collection":[{"href":"https:\/\/blogsaverroes.juntadeandalucia.es\/iesvcn\/wp-json\/wp\/v2\/posts"}],"about":[{"href":"https:\/\/blogsaverroes.juntadeandalucia.es\/iesvcn\/wp-json\/wp\/v2\/types\/post"}],"author":[{"embeddable":true,"href":"https:\/\/blogsaverroes.juntadeandalucia.es\/iesvcn\/wp-json\/wp\/v2\/users\/14460"}],"replies":[{"embeddable":true,"href":"https:\/\/blogsaverroes.juntadeandalucia.es\/iesvcn\/wp-json\/wp\/v2\/comments?post=2938"}],"version-history":[{"count":0,"href":"https:\/\/blogsaverroes.juntadeandalucia.es\/iesvcn\/wp-json\/wp\/v2\/posts\/2938\/revisions"}],"wp:featuredmedia":[{"embeddable":true,"href":"https:\/\/blogsaverroes.juntadeandalucia.es\/iesvcn\/wp-json\/"}],"wp:attachment":[{"href":"https:\/\/blogsaverroes.juntadeandalucia.es\/iesvcn\/wp-json\/wp\/v2\/media?parent=2938"}],"wp:term":[{"taxonomy":"category","embeddable":true,"href":"https:\/\/blogsaverroes.juntadeandalucia.es\/iesvcn\/wp-json\/wp\/v2\/categories?post=2938"},{"taxonomy":"post_tag","embeddable":true,"href":"https:\/\/blogsaverroes.juntadeandalucia.es\/iesvcn\/wp-json\/wp\/v2\/tags?post=2938"}],"curies":[{"name":"wp","href":"https:\/\/api.w.org\/{rel}","templated":true}]}}