{"id":523,"date":"2019-11-20T18:03:03","date_gmt":"2019-11-20T17:03:03","guid":{"rendered":"http:\/\/www.iesvicentenunez.es\/?p=523"},"modified":"2019-11-20T18:03:03","modified_gmt":"2019-11-20T17:03:03","slug":"talleres-educando-en-igualdad-e-internet","status":"publish","type":"post","link":"https:\/\/blogsaverroes.juntadeandalucia.es\/iesvcn\/talleres-educando-en-igualdad-e-internet\/","title":{"rendered":"talleres educando en igualdad e internet"},"content":{"rendered":"\n<p>Talleres &#8220;Educando en Igualdad e Internet&#8221;<\/p>\n\n\n\n<h3 class=\"has-pale-pink-color has-text-color wp-block-heading\">El Ayuntamiento de Aguilar de la Frontera, en colaboraci\u00f3n con la Diputaci\u00f3n de C\u00f3rdoba, ha realizado talleres a toda la ESO, Ciclos, FPB y 1 Bach, sobre igualdad y los peligros de internet.<br>El alumnado ha reflexionado sobre lo que significa el feminismo y que la lucha por la igualdad efectiva entre hombres y mujeres es tarea de toda la sociedad.<\/h3>\n\n\n\n<figure class=\"wp-block-gallery columns-3 is-cropped wp-block-gallery-1 is-layout-flex wp-block-gallery-is-layout-flex\"><ul class=\"blocks-gallery-grid\"><li class=\"blocks-gallery-item\"><figure><img decoding=\"async\" src=\"http:\/\/www.iesvicentenunez.es\/wp-content\/uploads\/2020\/04\/charla-2.jpg\" alt=\"\" data-id=\"525\" data-full-url=\"http:\/\/www.iesvicentenunez.es\/wp-content\/uploads\/2020\/04\/charla-2.jpg\" data-link=\"http:\/\/www.iesvicentenunez.es\/?attachment_id=525\" class=\"wp-image-525\" \/><\/figure><\/li><li class=\"blocks-gallery-item\"><figure><img decoding=\"async\" src=\"http:\/\/www.iesvicentenunez.es\/wp-content\/uploads\/2020\/04\/charla-3.jpg\" alt=\"\" data-id=\"526\" data-full-url=\"http:\/\/www.iesvicentenunez.es\/wp-content\/uploads\/2020\/04\/charla-3.jpg\" data-link=\"http:\/\/www.iesvicentenunez.es\/?attachment_id=526\" class=\"wp-image-526\" \/><\/figure><\/li><li class=\"blocks-gallery-item\"><figure><img decoding=\"async\" src=\"http:\/\/www.iesvicentenunez.es\/wp-content\/uploads\/2020\/04\/charla-4.jpg\" alt=\"\" data-id=\"527\" data-full-url=\"http:\/\/www.iesvicentenunez.es\/wp-content\/uploads\/2020\/04\/charla-4.jpg\" data-link=\"http:\/\/www.iesvicentenunez.es\/?attachment_id=527\" class=\"wp-image-527\" \/><\/figure><\/li><li class=\"blocks-gallery-item\"><figure><img decoding=\"async\" src=\"http:\/\/www.iesvicentenunez.es\/wp-content\/uploads\/2020\/04\/charla-5.jpg\" alt=\"\" data-id=\"528\" data-full-url=\"http:\/\/www.iesvicentenunez.es\/wp-content\/uploads\/2020\/04\/charla-5.jpg\" data-link=\"http:\/\/www.iesvicentenunez.es\/?attachment_id=528\" class=\"wp-image-528\" \/><\/figure><\/li><li class=\"blocks-gallery-item\"><figure><img decoding=\"async\" src=\"http:\/\/www.iesvicentenunez.es\/wp-content\/uploads\/2020\/04\/Charla.jpg\" alt=\"\" data-id=\"529\" data-full-url=\"http:\/\/www.iesvicentenunez.es\/wp-content\/uploads\/2020\/04\/Charla.jpg\" data-link=\"http:\/\/www.iesvicentenunez.es\/?attachment_id=529\" class=\"wp-image-529\" \/><\/figure><\/li><\/ul><\/figure>\n\n\n\n<figure class=\"wp-block-image size-large\"><img decoding=\"async\" src=\"http:\/\/www.iesvicentenunez.es\/wp-content\/uploads\/2020\/04\/Banner-tres-logos2-4-1024x173.jpg\" alt=\"\" class=\"wp-image-530\" \/><\/figure>\n","protected":false},"excerpt":{"rendered":"<p>Talleres &#8220;Educando en Igualdad e Internet&#8221; El Ayuntamiento de Aguilar de la Frontera, en colaboraci\u00f3n con la Diputaci\u00f3n de C\u00f3rdoba, ha realizado talleres a toda la ESO, Ciclos, FPB y 1 Bach, sobre igualdad y los peligros de internet.El alumnado&#46;&#46;&#46;<\/p>\n","protected":false},"author":14699,"featured_media":524,"comment_status":"open","ping_status":"open","sticky":false,"template":"","format":"standard","meta":{"ngg_post_thumbnail":0,"footnotes":""},"categories":[29,40],"tags":[],"aioseo_notices":[],"_links":{"self":[{"href":"https:\/\/blogsaverroes.juntadeandalucia.es\/iesvcn\/wp-json\/wp\/v2\/posts\/523"}],"collection":[{"href":"https:\/\/blogsaverroes.juntadeandalucia.es\/iesvcn\/wp-json\/wp\/v2\/posts"}],"about":[{"href":"https:\/\/blogsaverroes.juntadeandalucia.es\/iesvcn\/wp-json\/wp\/v2\/types\/post"}],"author":[{"embeddable":true,"href":"https:\/\/blogsaverroes.juntadeandalucia.es\/iesvcn\/wp-json\/wp\/v2\/users\/14699"}],"replies":[{"embeddable":true,"href":"https:\/\/blogsaverroes.juntadeandalucia.es\/iesvcn\/wp-json\/wp\/v2\/comments?post=523"}],"version-history":[{"count":0,"href":"https:\/\/blogsaverroes.juntadeandalucia.es\/iesvcn\/wp-json\/wp\/v2\/posts\/523\/revisions"}],"wp:featuredmedia":[{"embeddable":true,"href":"https:\/\/blogsaverroes.juntadeandalucia.es\/iesvcn\/wp-json\/"}],"wp:attachment":[{"href":"https:\/\/blogsaverroes.juntadeandalucia.es\/iesvcn\/wp-json\/wp\/v2\/media?parent=523"}],"wp:term":[{"taxonomy":"category","embeddable":true,"href":"https:\/\/blogsaverroes.juntadeandalucia.es\/iesvcn\/wp-json\/wp\/v2\/categories?post=523"},{"taxonomy":"post_tag","embeddable":true,"href":"https:\/\/blogsaverroes.juntadeandalucia.es\/iesvcn\/wp-json\/wp\/v2\/tags?post=523"}],"curies":[{"name":"wp","href":"https:\/\/api.w.org\/{rel}","templated":true}]}}