{"id":5668,"date":"2023-04-18T19:11:41","date_gmt":"2023-04-18T18:11:41","guid":{"rendered":"https:\/\/blogsaverroes.juntadeandalucia.es\/iesvcn\/?p=5668"},"modified":"2023-04-18T19:19:56","modified_gmt":"2023-04-18T18:19:56","slug":"concurso-de-marcapaginas-un-librouna-experiencia","status":"publish","type":"post","link":"https:\/\/blogsaverroes.juntadeandalucia.es\/iesvcn\/concurso-de-marcapaginas-un-librouna-experiencia\/","title":{"rendered":"CONCURSO DE MARCAP\u00c1GINAS &#8220;UN LIBRO,UNA EXPERIENCIA&#8221;!"},"content":{"rendered":"\t\t<div data-elementor-type=\"wp-post\" data-elementor-id=\"5668\" class=\"elementor elementor-5668\">\n\t\t\t\t\t\t<section class=\"elementor-section elementor-top-section elementor-element elementor-element-6ebd00e elementor-section-boxed elementor-section-height-default elementor-section-height-default\" data-id=\"6ebd00e\" data-element_type=\"section\">\n\t\t\t\t\t\t<div class=\"elementor-container elementor-column-gap-default\">\n\t\t\t\t\t<div class=\"elementor-column elementor-col-100 elementor-top-column elementor-element elementor-element-af0d9fb\" data-id=\"af0d9fb\" data-element_type=\"column\">\n\t\t\t<div class=\"elementor-widget-wrap elementor-element-populated\">\n\t\t\t\t\t\t<div class=\"elementor-element elementor-element-32247de elementor-widget elementor-widget-text-editor\" data-id=\"32247de\" data-element_type=\"widget\" data-widget_type=\"text-editor.default\">\n\t\t\t\t<div class=\"elementor-widget-container\">\n\t\t\t\t\t\t\t\t\t<p><span style=\"font-weight:normal\" id=\"docs-internal-guid-2e39865b-7fff-74e1-634e-f011edb76378\"><\/span><\/p><p dir=\"ltr\" style=\"line-height:1.295;margin-top:0pt;margin-bottom:8pt\"><span style=\"font-size:12pt;font-family:Roboto,sans-serif;color:#5f6368;background-color:#ffffff;font-weight:400;font-style:normal;font-variant:normal;text-decoration:none;vertical-align:baseline\">\u00a1PARTICIPA EN EL CONCURSO DE MARCAP\u00c1GINAS &#8220;UN LIBRO,UNA EXPERIENCIA&#8221;! Con motivo de la celebraci\u00f3n del d\u00eda del libro, el dpto. de biblioteca (en colaboraci\u00f3n con el dpto.Lengua castellana y Literatura) convoca este concurso cuyas bases puedes leer aqu\u00ed mismo, \u00a1an\u00edmate!, \u00a1hasta el 21 de abril!<\/span><\/p>\t\t\t\t\t\t\t\t<\/div>\n\t\t\t\t<\/div>\n\t\t\t\t\t<\/div>\n\t\t<\/div>\n\t\t\t\t\t<\/div>\n\t\t<\/section>\n\t\t\t\t<section class=\"elementor-section elementor-top-section elementor-element elementor-element-343b095 elementor-section-boxed elementor-section-height-default elementor-section-height-default\" data-id=\"343b095\" data-element_type=\"section\">\n\t\t\t\t\t\t<div class=\"elementor-container elementor-column-gap-default\">\n\t\t\t\t\t<div class=\"elementor-column elementor-col-100 elementor-top-column elementor-element elementor-element-541f9ca\" data-id=\"541f9ca\" data-element_type=\"column\">\n\t\t\t<div class=\"elementor-widget-wrap elementor-element-populated\">\n\t\t\t\t\t\t<div class=\"elementor-element elementor-element-3c4264b elementor-widget elementor-widget-image\" data-id=\"3c4264b\" data-element_type=\"widget\" data-widget_type=\"image.default\">\n\t\t\t\t<div class=\"elementor-widget-container\">\n\t\t\t\t\t\t\t\t\t\t\t\t\t\t\t<img fetchpriority=\"high\" decoding=\"async\" width=\"716\" height=\"1024\" src=\"https:\/\/blogsaverroes.juntadeandalucia.es\/iesvcn\/files\/2023\/04\/cartelconcurso-716x1024.jpeg\" class=\"attachment-large size-large wp-image-5669\" alt=\"\" srcset=\"https:\/\/blogsaverroes.juntadeandalucia.es\/iesvcn\/files\/2023\/04\/cartelconcurso-716x1024.jpeg 716w, https:\/\/blogsaverroes.juntadeandalucia.es\/iesvcn\/files\/2023\/04\/cartelconcurso-210x300.jpeg 210w, https:\/\/blogsaverroes.juntadeandalucia.es\/iesvcn\/files\/2023\/04\/cartelconcurso-768x1098.jpeg 768w, https:\/\/blogsaverroes.juntadeandalucia.es\/iesvcn\/files\/2023\/04\/cartelconcurso.jpeg 1022w\" sizes=\"(max-width: 716px) 100vw, 716px\" \/>\t\t\t\t\t\t\t\t\t\t\t\t\t\t\t<\/div>\n\t\t\t\t<\/div>\n\t\t\t\t\t<\/div>\n\t\t<\/div>\n\t\t\t\t\t<\/div>\n\t\t<\/section>\n\t\t\t\t<\/div>\n\t\t","protected":false},"excerpt":{"rendered":"<p>\u00a1PARTICIPA EN EL CONCURSO DE MARCAP\u00c1GINAS &#8220;UN LIBRO,UNA EXPERIENCIA&#8221;! Con motivo de la celebraci\u00f3n del d\u00eda del libro, el dpto. de biblioteca (en colaboraci\u00f3n con el dpto.Lengua castellana y Literatura) convoca este concurso cuyas bases puedes leer aqu\u00ed mismo, \u00a1an\u00edmate!,&#46;&#46;&#46;<\/p>\n","protected":false},"author":15479,"featured_media":5669,"comment_status":"closed","ping_status":"open","sticky":false,"template":"","format":"standard","meta":{"ngg_post_thumbnail":0,"footnotes":""},"categories":[1],"tags":[],"aioseo_notices":[],"_links":{"self":[{"href":"https:\/\/blogsaverroes.juntadeandalucia.es\/iesvcn\/wp-json\/wp\/v2\/posts\/5668"}],"collection":[{"href":"https:\/\/blogsaverroes.juntadeandalucia.es\/iesvcn\/wp-json\/wp\/v2\/posts"}],"about":[{"href":"https:\/\/blogsaverroes.juntadeandalucia.es\/iesvcn\/wp-json\/wp\/v2\/types\/post"}],"author":[{"embeddable":true,"href":"https:\/\/blogsaverroes.juntadeandalucia.es\/iesvcn\/wp-json\/wp\/v2\/users\/15479"}],"replies":[{"embeddable":true,"href":"https:\/\/blogsaverroes.juntadeandalucia.es\/iesvcn\/wp-json\/wp\/v2\/comments?post=5668"}],"version-history":[{"count":4,"href":"https:\/\/blogsaverroes.juntadeandalucia.es\/iesvcn\/wp-json\/wp\/v2\/posts\/5668\/revisions"}],"predecessor-version":[{"id":5673,"href":"https:\/\/blogsaverroes.juntadeandalucia.es\/iesvcn\/wp-json\/wp\/v2\/posts\/5668\/revisions\/5673"}],"wp:featuredmedia":[{"embeddable":true,"href":"https:\/\/blogsaverroes.juntadeandalucia.es\/iesvcn\/wp-json\/wp\/v2\/media\/5669"}],"wp:attachment":[{"href":"https:\/\/blogsaverroes.juntadeandalucia.es\/iesvcn\/wp-json\/wp\/v2\/media?parent=5668"}],"wp:term":[{"taxonomy":"category","embeddable":true,"href":"https:\/\/blogsaverroes.juntadeandalucia.es\/iesvcn\/wp-json\/wp\/v2\/categories?post=5668"},{"taxonomy":"post_tag","embeddable":true,"href":"https:\/\/blogsaverroes.juntadeandalucia.es\/iesvcn\/wp-json\/wp\/v2\/tags?post=5668"}],"curies":[{"name":"wp","href":"https:\/\/api.w.org\/{rel}","templated":true}]}}