{"id":5880,"date":"2023-06-26T16:46:44","date_gmt":"2023-06-26T15:46:44","guid":{"rendered":"https:\/\/blogsaverroes.juntadeandalucia.es\/iesvcn\/?p=5880"},"modified":"2023-06-26T16:56:31","modified_gmt":"2023-06-26T15:56:31","slug":"abierto-el-plazo-de-matriculacion","status":"publish","type":"post","link":"https:\/\/blogsaverroes.juntadeandalucia.es\/iesvcn\/abierto-el-plazo-de-matriculacion\/","title":{"rendered":"Abierto el plazo de matriculaci\u00f3n"},"content":{"rendered":"\t\t<div data-elementor-type=\"wp-post\" data-elementor-id=\"5880\" class=\"elementor elementor-5880\">\n\t\t\t\t\t\t<section class=\"elementor-section elementor-top-section elementor-element elementor-element-12a4b06 elementor-section-boxed elementor-section-height-default elementor-section-height-default\" data-id=\"12a4b06\" data-element_type=\"section\">\n\t\t\t\t\t\t<div class=\"elementor-container elementor-column-gap-default\">\n\t\t\t\t\t<div class=\"elementor-column elementor-col-100 elementor-top-column elementor-element elementor-element-27af6d0\" data-id=\"27af6d0\" data-element_type=\"column\">\n\t\t\t<div class=\"elementor-widget-wrap elementor-element-populated\">\n\t\t\t\t\t\t<div class=\"elementor-element elementor-element-c308d3e elementor-widget elementor-widget-text-editor\" data-id=\"c308d3e\" data-element_type=\"widget\" data-widget_type=\"text-editor.default\">\n\t\t\t\t<div class=\"elementor-widget-container\">\n\t\t\t\t\t\t\t\t\t<p style=\"margin-bottom: 1rem;, sans-serif;font-size: 12.64px;font-style: normal;font-weight: 400;letter-spacing: 0.3px\">El per\u00edodo de matriculaci\u00f3n para ESO y Bachillerato ser\u00e1 del 1 al 10 de julio por Secretar\u00eda Virtual, bien en la secci\u00f3n de&nbsp;<span style=\"font-weight: 600\"><em>Tr\u00e1mites\/Secretar\u00eda Virtual<\/em><\/span>&nbsp;del iPASEN o bien en el siguiente enlace:&nbsp;<a href=\"https:\/\/www.juntadeandalucia.es\/educacion\/secretariavirtual\/\" target=\"_blank\" rel=\"noopener\" style=\"background-color: transparent\">https:\/\/www.juntadeandalucia.es\/educacion\/secretariavirtual\/<\/a><\/p><p style=\"margin-bottom: 1rem;, sans-serif;font-size: 12.64px;font-style: normal;font-weight: 400;letter-spacing: 0.3px\">Para cualquier duda o aclaraci\u00f3n no duden en pasarse por nuestro centro. Recordad que el pago del seguro escolar es obligatorio a partir de 3\u00ba ESO.<\/p><p style=\"margin-bottom: 1rem;, sans-serif;font-size: 12.64px;font-style: normal;font-weight: 400;letter-spacing: 0.3px\">Saludos.<\/p>\t\t\t\t\t\t\t\t<\/div>\n\t\t\t\t<\/div>\n\t\t\t\t\t<\/div>\n\t\t<\/div>\n\t\t\t\t\t<\/div>\n\t\t<\/section>\n\t\t\t\t<\/div>\n\t\t","protected":false},"excerpt":{"rendered":"<p>El per\u00edodo de matriculaci\u00f3n para ESO y Bachillerato ser\u00e1 del 1 al 10 de julio por Secretar\u00eda Virtual, bien en la secci\u00f3n de&nbsp;Tr\u00e1mites\/Secretar\u00eda Virtual&nbsp;del iPASEN o bien en el siguiente enlace:&nbsp;https:\/\/www.juntadeandalucia.es\/educacion\/secretariavirtual\/ Para cualquier duda o aclaraci\u00f3n no duden en pasarse&#46;&#46;&#46;<\/p>\n","protected":false},"author":15479,"featured_media":5884,"comment_status":"closed","ping_status":"open","sticky":false,"template":"","format":"standard","meta":{"ngg_post_thumbnail":0,"footnotes":""},"categories":[1],"tags":[],"aioseo_notices":[],"_links":{"self":[{"href":"https:\/\/blogsaverroes.juntadeandalucia.es\/iesvcn\/wp-json\/wp\/v2\/posts\/5880"}],"collection":[{"href":"https:\/\/blogsaverroes.juntadeandalucia.es\/iesvcn\/wp-json\/wp\/v2\/posts"}],"about":[{"href":"https:\/\/blogsaverroes.juntadeandalucia.es\/iesvcn\/wp-json\/wp\/v2\/types\/post"}],"author":[{"embeddable":true,"href":"https:\/\/blogsaverroes.juntadeandalucia.es\/iesvcn\/wp-json\/wp\/v2\/users\/15479"}],"replies":[{"embeddable":true,"href":"https:\/\/blogsaverroes.juntadeandalucia.es\/iesvcn\/wp-json\/wp\/v2\/comments?post=5880"}],"version-history":[{"count":4,"href":"https:\/\/blogsaverroes.juntadeandalucia.es\/iesvcn\/wp-json\/wp\/v2\/posts\/5880\/revisions"}],"predecessor-version":[{"id":5885,"href":"https:\/\/blogsaverroes.juntadeandalucia.es\/iesvcn\/wp-json\/wp\/v2\/posts\/5880\/revisions\/5885"}],"wp:featuredmedia":[{"embeddable":true,"href":"https:\/\/blogsaverroes.juntadeandalucia.es\/iesvcn\/wp-json\/wp\/v2\/media\/5884"}],"wp:attachment":[{"href":"https:\/\/blogsaverroes.juntadeandalucia.es\/iesvcn\/wp-json\/wp\/v2\/media?parent=5880"}],"wp:term":[{"taxonomy":"category","embeddable":true,"href":"https:\/\/blogsaverroes.juntadeandalucia.es\/iesvcn\/wp-json\/wp\/v2\/categories?post=5880"},{"taxonomy":"post_tag","embeddable":true,"href":"https:\/\/blogsaverroes.juntadeandalucia.es\/iesvcn\/wp-json\/wp\/v2\/tags?post=5880"}],"curies":[{"name":"wp","href":"https:\/\/api.w.org\/{rel}","templated":true}]}}