{"id":6648,"date":"2024-06-12T15:28:35","date_gmt":"2024-06-12T14:28:35","guid":{"rendered":"https:\/\/blogsaverroes.juntadeandalucia.es\/iesvcn\/?p=6648"},"modified":"2024-06-12T15:33:12","modified_gmt":"2024-06-12T14:33:12","slug":"charla-coloquio-de-christian-jongeneel-anderica","status":"publish","type":"post","link":"https:\/\/blogsaverroes.juntadeandalucia.es\/iesvcn\/charla-coloquio-de-christian-jongeneel-anderica\/","title":{"rendered":"Charla-Coloquio de Christian Jongeneel Anderica"},"content":{"rendered":"\t\t<div data-elementor-type=\"wp-post\" data-elementor-id=\"6648\" class=\"elementor elementor-6648\">\n\t\t\t\t\t\t<section class=\"elementor-section elementor-top-section elementor-element elementor-element-c7c9a8b elementor-section-boxed elementor-section-height-default elementor-section-height-default\" data-id=\"c7c9a8b\" data-element_type=\"section\">\n\t\t\t\t\t\t<div class=\"elementor-container elementor-column-gap-default\">\n\t\t\t\t\t<div class=\"elementor-column elementor-col-100 elementor-top-column elementor-element elementor-element-7763b00\" data-id=\"7763b00\" data-element_type=\"column\">\n\t\t\t<div class=\"elementor-widget-wrap elementor-element-populated\">\n\t\t\t\t\t\t<div class=\"elementor-element elementor-element-8344a3c elementor-widget elementor-widget-text-editor\" data-id=\"8344a3c\" data-element_type=\"widget\" data-widget_type=\"text-editor.default\">\n\t\t\t\t<div class=\"elementor-widget-container\">\n\t\t\t\t\t\t\t\t\t<div style=\"color: #222222;font-family: Arial, Helvetica, sans-serif;font-size: small;font-style: normal;font-weight: 400\"><img decoding=\"async\" class=\"an1\" style=\"height: 1.2em;width: 1.2em;vertical-align: middle\" src=\"https:\/\/fonts.gstatic.com\/s\/e\/notoemoji\/15.0\/1f3ca_200d_2642_fe0f\/72.png\" alt=\"\ud83c\udfca\u200d\u2642\ufe0f\" data-emoji=\"\ud83c\udfca\u200d\u2642\ufe0f\" aria-label=\"\ud83c\udfca\u200d\u2642\ufe0f\" \/>-NAMAST\u00c9- Enorme regalo el poder disfrutar de la Charla-Coloquio de Christian Jongeneel Anderica.\u00a0<\/div><div dir=\"auto\" style=\"color: #222222;font-family: Arial, Helvetica, sans-serif;font-size: small;font-style: normal;font-weight: 400\">\u00a0<\/div><div dir=\"auto\" style=\"color: #222222;font-family: Arial, Helvetica, sans-serif;font-size: small;font-style: normal;font-weight: 400\"><img decoding=\"async\" class=\"an1\" style=\"height: 1.2em;width: 1.2em;vertical-align: middle\" src=\"https:\/\/fonts.gstatic.com\/s\/e\/notoemoji\/15.0\/1f4a5\/72.png\" alt=\"\ud83d\udca5\" data-emoji=\"\ud83d\udca5\" aria-label=\"\ud83d\udca5\" \/>Durante 2h, nuestro alumnado ha podido vivenciar la enorme labor que realiza la asociaci\u00f3n @brazadassolidarias . Esta asociaci\u00f3n combina la pasi\u00f3n por la nataci\u00f3n con un profundo compromiso social. A trav\u00e9s de eventos deportivos, busca recaudar fondos y concienciar sobre diversas causas humanitarias, colaborando estrechamente con la Fundaci\u00f3n Vicente Ferrer ( @fvicenteferrer ) \u00a0<\/div><div dir=\"auto\" style=\"color: #222222;font-family: Arial, Helvetica, sans-serif;font-size: small;font-style: normal;font-weight: 400\">\u00a0<\/div><div dir=\"auto\" style=\"color: #222222;font-family: Arial, Helvetica, sans-serif;font-size: small;font-style: normal;font-weight: 400\"><img decoding=\"async\" class=\"an1\" style=\"height: 1.2em;width: 1.2em;vertical-align: middle\" src=\"https:\/\/fonts.gstatic.com\/s\/e\/notoemoji\/15.0\/1f539\/72.png\" alt=\"\ud83d\udd39\" data-emoji=\"\ud83d\udd39\" aria-label=\"\ud83d\udd39\" \/>Agradecer a nuestro Departamento de EF ( @luismaef @srodri5 ) y a Carmelo Jim\u00e9nez por hacerlo posible. Agradecemos tambi\u00e9n la colaboraci\u00f3n del @aytoaguilar<\/div><div dir=\"auto\" style=\"color: #222222;font-family: Arial, Helvetica, sans-serif;font-size: small;font-style: normal;font-weight: 400\">\u00a0<\/div><div dir=\"auto\" style=\"color: #222222;font-family: Arial, Helvetica, sans-serif;font-size: small;font-style: normal;font-weight: 400\">\u00a0<img decoding=\"async\" class=\"an1\" style=\"height: 1.2em;width: 1.2em;vertical-align: middle\" src=\"https:\/\/fonts.gstatic.com\/s\/e\/notoemoji\/15.0\/1f5e3_fe0f\/72.png\" alt=\"\ud83d\udde3\ufe0f\" data-emoji=\"\ud83d\udde3\ufe0f\" aria-label=\"\ud83d\udde3\ufe0f\" \/>Dejamos aqu\u00ed las palabras de nuestros presentadores, Gloria y Jos\u00e9 Antonio: \u201cDurante esta conferencia seremos testigos directos de que es posible cambiar el mundo a trav\u00e9s de esta iniciativa. Cada brazada cuenta y, juntos, podemos contribuir a un futuro m\u00e1s justo y equitativo\u201d.\u00a0<\/div><div dir=\"auto\" style=\"color: #222222;font-family: Arial, Helvetica, sans-serif;font-size: small;font-style: normal;font-weight: 400\">\u00a0<\/div><div dir=\"auto\" style=\"color: #222222;font-family: Arial, Helvetica, sans-serif;font-size: small;font-style: normal;font-weight: 400\">\u00a0<img decoding=\"async\" class=\"an1\" style=\"height: 1.2em;width: 1.2em;vertical-align: middle\" src=\"https:\/\/fonts.gstatic.com\/s\/e\/notoemoji\/15.0\/1f49a\/72.png\" alt=\"\ud83d\udc9a\" data-emoji=\"\ud83d\udc9a\" aria-label=\"\ud83d\udc9a\" \/>Mi trabajo consiste en cumplir sue\u00f1os (Vicente Ferrer).<\/div>\t\t\t\t\t\t\t\t<\/div>\n\t\t\t\t<\/div>\n\t\t\t\t\t<\/div>\n\t\t<\/div>\n\t\t\t\t\t<\/div>\n\t\t<\/section>\n\t\t\t\t<section class=\"elementor-section elementor-top-section elementor-element elementor-element-a0a9223 elementor-section-boxed elementor-section-height-default elementor-section-height-default\" data-id=\"a0a9223\" data-element_type=\"section\">\n\t\t\t\t\t\t<div class=\"elementor-container elementor-column-gap-default\">\n\t\t\t\t\t<div class=\"elementor-column elementor-col-50 elementor-top-column elementor-element elementor-element-d3f531e\" data-id=\"d3f531e\" data-element_type=\"column\">\n\t\t\t<div class=\"elementor-widget-wrap elementor-element-populated\">\n\t\t\t\t\t\t<div class=\"elementor-element elementor-element-c22d529 elementor-widget elementor-widget-image\" data-id=\"c22d529\" data-element_type=\"widget\" data-widget_type=\"image.default\">\n\t\t\t\t<div class=\"elementor-widget-container\">\n\t\t\t\t\t\t\t\t\t\t\t\t\t\t\t<img fetchpriority=\"high\" decoding=\"async\" width=\"768\" height=\"1024\" src=\"https:\/\/blogsaverroes.juntadeandalucia.es\/iesvcn\/files\/2024\/06\/dos-1-768x1024.jpeg\" class=\"attachment-large size-large wp-image-6643\" alt=\"\" srcset=\"https:\/\/blogsaverroes.juntadeandalucia.es\/iesvcn\/files\/2024\/06\/dos-1-768x1024.jpeg 768w, https:\/\/blogsaverroes.juntadeandalucia.es\/iesvcn\/files\/2024\/06\/dos-1-225x300.jpeg 225w, https:\/\/blogsaverroes.juntadeandalucia.es\/iesvcn\/files\/2024\/06\/dos-1-1152x1536.jpeg 1152w, https:\/\/blogsaverroes.juntadeandalucia.es\/iesvcn\/files\/2024\/06\/dos-1-1536x2048.jpeg 1536w, https:\/\/blogsaverroes.juntadeandalucia.es\/iesvcn\/files\/2024\/06\/dos-1-scaled.jpeg 1920w\" sizes=\"(max-width: 768px) 100vw, 768px\" \/>\t\t\t\t\t\t\t\t\t\t\t\t\t\t\t<\/div>\n\t\t\t\t<\/div>\n\t\t\t\t\t<\/div>\n\t\t<\/div>\n\t\t\t\t<div class=\"elementor-column elementor-col-50 elementor-top-column elementor-element elementor-element-47d9f00\" data-id=\"47d9f00\" data-element_type=\"column\">\n\t\t\t<div class=\"elementor-widget-wrap elementor-element-populated\">\n\t\t\t\t\t\t<div class=\"elementor-element elementor-element-4d93b83 elementor-widget elementor-widget-image\" data-id=\"4d93b83\" data-element_type=\"widget\" data-widget_type=\"image.default\">\n\t\t\t\t<div class=\"elementor-widget-container\">\n\t\t\t\t\t\t\t\t\t\t\t\t\t\t\t<img decoding=\"async\" width=\"768\" height=\"1024\" src=\"https:\/\/blogsaverroes.juntadeandalucia.es\/iesvcn\/files\/2024\/06\/una-1-768x1024.jpeg\" class=\"attachment-large size-large wp-image-6646\" alt=\"\" srcset=\"https:\/\/blogsaverroes.juntadeandalucia.es\/iesvcn\/files\/2024\/06\/una-1-768x1024.jpeg 768w, https:\/\/blogsaverroes.juntadeandalucia.es\/iesvcn\/files\/2024\/06\/una-1-225x300.jpeg 225w, https:\/\/blogsaverroes.juntadeandalucia.es\/iesvcn\/files\/2024\/06\/una-1-1152x1536.jpeg 1152w, https:\/\/blogsaverroes.juntadeandalucia.es\/iesvcn\/files\/2024\/06\/una-1-1536x2048.jpeg 1536w, https:\/\/blogsaverroes.juntadeandalucia.es\/iesvcn\/files\/2024\/06\/una-1-scaled.jpeg 1920w\" sizes=\"(max-width: 768px) 100vw, 768px\" \/>\t\t\t\t\t\t\t\t\t\t\t\t\t\t\t<\/div>\n\t\t\t\t<\/div>\n\t\t\t\t\t<\/div>\n\t\t<\/div>\n\t\t\t\t\t<\/div>\n\t\t<\/section>\n\t\t\t\t<section class=\"elementor-section elementor-top-section elementor-element elementor-element-681f8cc elementor-section-boxed elementor-section-height-default elementor-section-height-default\" data-id=\"681f8cc\" data-element_type=\"section\">\n\t\t\t\t\t\t<div class=\"elementor-container elementor-column-gap-default\">\n\t\t\t\t\t<div class=\"elementor-column elementor-col-100 elementor-top-column elementor-element elementor-element-0c71ff6\" data-id=\"0c71ff6\" data-element_type=\"column\">\n\t\t\t<div class=\"elementor-widget-wrap elementor-element-populated\">\n\t\t\t\t\t\t<div class=\"elementor-element elementor-element-5afa634 elementor-widget elementor-widget-image\" data-id=\"5afa634\" data-element_type=\"widget\" data-widget_type=\"image.default\">\n\t\t\t\t<div class=\"elementor-widget-container\">\n\t\t\t\t\t\t\t\t\t\t\t\t\t\t\t<img decoding=\"async\" width=\"768\" height=\"1024\" src=\"https:\/\/blogsaverroes.juntadeandalucia.es\/iesvcn\/files\/2024\/06\/tres-1-768x1024.jpeg\" class=\"attachment-large size-large wp-image-6645\" alt=\"\" srcset=\"https:\/\/blogsaverroes.juntadeandalucia.es\/iesvcn\/files\/2024\/06\/tres-1-768x1024.jpeg 768w, https:\/\/blogsaverroes.juntadeandalucia.es\/iesvcn\/files\/2024\/06\/tres-1-225x300.jpeg 225w, https:\/\/blogsaverroes.juntadeandalucia.es\/iesvcn\/files\/2024\/06\/tres-1-1152x1536.jpeg 1152w, https:\/\/blogsaverroes.juntadeandalucia.es\/iesvcn\/files\/2024\/06\/tres-1-1536x2048.jpeg 1536w, https:\/\/blogsaverroes.juntadeandalucia.es\/iesvcn\/files\/2024\/06\/tres-1-scaled.jpeg 1920w\" sizes=\"(max-width: 768px) 100vw, 768px\" \/>\t\t\t\t\t\t\t\t\t\t\t\t\t\t\t<\/div>\n\t\t\t\t<\/div>\n\t\t\t\t\t<\/div>\n\t\t<\/div>\n\t\t\t\t\t<\/div>\n\t\t<\/section>\n\t\t\t\t<\/div>\n\t\t","protected":false},"excerpt":{"rendered":"<p>-NAMAST\u00c9- Enorme regalo el poder disfrutar de la Charla-Coloquio de Christian Jongeneel Anderica.&nbsp;&nbsp;Durante 2h, nuestro alumnado ha podido vivenciar la enorme labor que realiza la asociaci\u00f3n @brazadassolidarias . Esta asociaci\u00f3n combina la pasi\u00f3n por la nataci\u00f3n con un profundo compromiso&#46;&#46;&#46;<\/p>\n","protected":false},"author":15479,"featured_media":6644,"comment_status":"closed","ping_status":"open","sticky":false,"template":"","format":"standard","meta":{"ngg_post_thumbnail":0,"footnotes":""},"categories":[1],"tags":[],"aioseo_notices":[],"_links":{"self":[{"href":"https:\/\/blogsaverroes.juntadeandalucia.es\/iesvcn\/wp-json\/wp\/v2\/posts\/6648"}],"collection":[{"href":"https:\/\/blogsaverroes.juntadeandalucia.es\/iesvcn\/wp-json\/wp\/v2\/posts"}],"about":[{"href":"https:\/\/blogsaverroes.juntadeandalucia.es\/iesvcn\/wp-json\/wp\/v2\/types\/post"}],"author":[{"embeddable":true,"href":"https:\/\/blogsaverroes.juntadeandalucia.es\/iesvcn\/wp-json\/wp\/v2\/users\/15479"}],"replies":[{"embeddable":true,"href":"https:\/\/blogsaverroes.juntadeandalucia.es\/iesvcn\/wp-json\/wp\/v2\/comments?post=6648"}],"version-history":[{"count":4,"href":"https:\/\/blogsaverroes.juntadeandalucia.es\/iesvcn\/wp-json\/wp\/v2\/posts\/6648\/revisions"}],"predecessor-version":[{"id":6652,"href":"https:\/\/blogsaverroes.juntadeandalucia.es\/iesvcn\/wp-json\/wp\/v2\/posts\/6648\/revisions\/6652"}],"wp:featuredmedia":[{"embeddable":true,"href":"https:\/\/blogsaverroes.juntadeandalucia.es\/iesvcn\/wp-json\/wp\/v2\/media\/6644"}],"wp:attachment":[{"href":"https:\/\/blogsaverroes.juntadeandalucia.es\/iesvcn\/wp-json\/wp\/v2\/media?parent=6648"}],"wp:term":[{"taxonomy":"category","embeddable":true,"href":"https:\/\/blogsaverroes.juntadeandalucia.es\/iesvcn\/wp-json\/wp\/v2\/categories?post=6648"},{"taxonomy":"post_tag","embeddable":true,"href":"https:\/\/blogsaverroes.juntadeandalucia.es\/iesvcn\/wp-json\/wp\/v2\/tags?post=6648"}],"curies":[{"name":"wp","href":"https:\/\/api.w.org\/{rel}","templated":true}]}}