{"id":6845,"date":"2024-11-25T09:18:09","date_gmt":"2024-11-25T08:18:09","guid":{"rendered":"https:\/\/blogsaverroes.juntadeandalucia.es\/iesvcn\/?p=6845"},"modified":"2024-11-25T09:18:09","modified_gmt":"2024-11-25T08:18:09","slug":"coloquio-sobre-prevencion-de-la-violencia-machista","status":"publish","type":"post","link":"https:\/\/blogsaverroes.juntadeandalucia.es\/iesvcn\/coloquio-sobre-prevencion-de-la-violencia-machista\/","title":{"rendered":"Coloquio sobre Prevenci\u00f3n de la violencia machista"},"content":{"rendered":"<p>El mi\u00e9rcoles 27 de Noviembre llevaremos a cabo un coloquio sobre Prevenci\u00f3n de la violencia machista, a cargo del Equipo de violencia de g\u00e9nero de la Guardia Civil y D\u00aa. Inmaculada Yago Fern\u00e1ndez, psic\u00f3loga especialista.<\/p>\n<p><img fetchpriority=\"high\" decoding=\"async\" class=\"size-large wp-image-6838 aligncenter\" src=\"https:\/\/blogsaverroes.juntadeandalucia.es\/iesvcn\/files\/2024\/11\/25n-1024x556.png\" alt=\"\" width=\"1024\" height=\"556\" srcset=\"https:\/\/blogsaverroes.juntadeandalucia.es\/iesvcn\/files\/2024\/11\/25n-1024x556.png 1024w, https:\/\/blogsaverroes.juntadeandalucia.es\/iesvcn\/files\/2024\/11\/25n-300x163.png 300w, https:\/\/blogsaverroes.juntadeandalucia.es\/iesvcn\/files\/2024\/11\/25n-768x417.png 768w, https:\/\/blogsaverroes.juntadeandalucia.es\/iesvcn\/files\/2024\/11\/25n.png 1493w\" sizes=\"(max-width: 1024px) 100vw, 1024px\" \/><\/p>\n","protected":false},"excerpt":{"rendered":"<p>El mi\u00e9rcoles 27 de Noviembre llevaremos a cabo un coloquio sobre Prevenci\u00f3n de la violencia machista, a cargo del Equipo de violencia de g\u00e9nero de la Guardia Civil y D\u00aa. Inmaculada Yago Fern\u00e1ndez, psic\u00f3loga especialista.<\/p>\n","protected":false},"author":14415,"featured_media":6843,"comment_status":"closed","ping_status":"open","sticky":false,"template":"","format":"standard","meta":{"ngg_post_thumbnail":0,"footnotes":""},"categories":[29],"tags":[86,171,172,173],"aioseo_notices":[],"_links":{"self":[{"href":"https:\/\/blogsaverroes.juntadeandalucia.es\/iesvcn\/wp-json\/wp\/v2\/posts\/6845"}],"collection":[{"href":"https:\/\/blogsaverroes.juntadeandalucia.es\/iesvcn\/wp-json\/wp\/v2\/posts"}],"about":[{"href":"https:\/\/blogsaverroes.juntadeandalucia.es\/iesvcn\/wp-json\/wp\/v2\/types\/post"}],"author":[{"embeddable":true,"href":"https:\/\/blogsaverroes.juntadeandalucia.es\/iesvcn\/wp-json\/wp\/v2\/users\/14415"}],"replies":[{"embeddable":true,"href":"https:\/\/blogsaverroes.juntadeandalucia.es\/iesvcn\/wp-json\/wp\/v2\/comments?post=6845"}],"version-history":[{"count":1,"href":"https:\/\/blogsaverroes.juntadeandalucia.es\/iesvcn\/wp-json\/wp\/v2\/posts\/6845\/revisions"}],"predecessor-version":[{"id":6846,"href":"https:\/\/blogsaverroes.juntadeandalucia.es\/iesvcn\/wp-json\/wp\/v2\/posts\/6845\/revisions\/6846"}],"wp:featuredmedia":[{"embeddable":true,"href":"https:\/\/blogsaverroes.juntadeandalucia.es\/iesvcn\/wp-json\/wp\/v2\/media\/6843"}],"wp:attachment":[{"href":"https:\/\/blogsaverroes.juntadeandalucia.es\/iesvcn\/wp-json\/wp\/v2\/media?parent=6845"}],"wp:term":[{"taxonomy":"category","embeddable":true,"href":"https:\/\/blogsaverroes.juntadeandalucia.es\/iesvcn\/wp-json\/wp\/v2\/categories?post=6845"},{"taxonomy":"post_tag","embeddable":true,"href":"https:\/\/blogsaverroes.juntadeandalucia.es\/iesvcn\/wp-json\/wp\/v2\/tags?post=6845"}],"curies":[{"name":"wp","href":"https:\/\/api.w.org\/{rel}","templated":true}]}}