{"id":7243,"date":"2025-03-09T21:57:14","date_gmt":"2025-03-09T20:57:14","guid":{"rendered":"https:\/\/blogsaverroes.juntadeandalucia.es\/iesvcn\/?p=7243"},"modified":"2025-03-10T18:40:15","modified_gmt":"2025-03-10T17:40:15","slug":"visita-el-cabril","status":"publish","type":"post","link":"https:\/\/blogsaverroes.juntadeandalucia.es\/iesvcn\/visita-el-cabril\/","title":{"rendered":"Visita al Centro de Residuos Radiactivos de &#8220;El Cabril&#8221;."},"content":{"rendered":"<p>Para poder tener una opini\u00f3n de la energ\u00eda nuclear es necesario conocer las ventajas y desventajas de su generaci\u00f3n, el impacto medioambiental que genera y el desarrollo econ\u00f3mico y social al que est\u00e1 ligada.<\/p>\n<p>Adem\u00e1s, hay que distinguir entre residuos de una central nuclear, y residuos de otro tipo de instalaci\u00f3n que hacen uso de la energ\u00eda de nuclear para aplicaciones industriales y sanitarias, con el uso de radiof\u00e1rmacos para la obtenci\u00f3n de im\u00e1genes de tejidos blandos, tratamiento de c\u00e1ncer y tratamiento de hipertiroidismo.<\/p>\n<p><img fetchpriority=\"high\" decoding=\"async\" class=\"aligncenter\" src=\"https:\/\/blogsaverroes.juntadeandalucia.es\/iesvcn\/files\/2025\/03\/f2.png\" alt=\"\" width=\"747\" height=\"434\" \/><\/p>\n<p><img decoding=\"async\" class=\"aligncenter\" src=\"https:\/\/blogsaverroes.juntadeandalucia.es\/iesvcn\/files\/2025\/03\/20250305_105142-scaled.jpg\" width=\"731\" height=\"329\" \/><\/p>\n<p>&nbsp;<\/p>\n<p><img decoding=\"async\" class=\"aligncenter\" src=\"https:\/\/blogsaverroes.juntadeandalucia.es\/iesvcn\/files\/2025\/03\/20250305_120322-scaled.jpg\" width=\"646\" height=\"1432\" \/><\/p>\n<p><img loading=\"lazy\" decoding=\"async\" class=\"aligncenter\" src=\"https:\/\/blogsaverroes.juntadeandalucia.es\/iesvcn\/files\/2025\/03\/20250305_132256-scaled.jpg\" width=\"519\" height=\"1152\" \/><\/p>\n<p>Es en el siglo XX cuando se comienza a usar la energ\u00eda nuclear de fisi\u00f3n.\u00a0La<a href=\"https:\/\/www.csn.es\/la-energia-nuclear-en-espana\"> historia de la energ\u00eda nuclear<\/a> comenz\u00f3 en Espa\u00f1a en 1948, siendo en 1984 cuando se constituy\u00f3 la <strong>Empresa Nacional de Residuos Radiactivos (Enresa)<\/strong> que se encarga de <strong>El Cabril<\/strong> (entr\u00f3 en funcionamiento en 1992). Este es el \u00fanico almac\u00e9n definitivo de residuos radiactivos de muy baja, baja y media actividad de Espa\u00f1a.<\/p>\n<p>El Departamento de Tecnolog\u00eda, a trav\u00e9s de M\u00aa Dolores Fuentes, ha realizado una visita hasta la\u00a0 <b>Sierra de Albarrana\u00a0<\/b>con el alumnado de 1\u00ba y 2\u00ba curso de Bachillerato Tecnol\u00f3gico para conocer de primera mano c\u00f3mo se realiza la gesti\u00f3n de los residuos de media, baja y muy baja actividad, ya que los residuos de alta actividad se gestionan directamente en las centrales nucleares.<\/p>\n<p>En \u201c<b>El Cabril<\/b>\u201d nuestro alumnado ha tenido la oportunidad de visitar esta instalaci\u00f3n donde se llevan a cabo operaciones de recepci\u00f3n, tratamiento, acondicionamiento y almacenamiento definitivo de residuos.<\/p>\n<p>All\u00ed ha podido ver sobre el terreno las barreras f\u00edsicas que se instalan entre los residuos y el ambiente, el programa de vigilancia de las infiltraciones, las celdas de residuos, los dos\u00edmetros, la unidad m\u00e9dica, la protecci\u00f3n radiol\u00f3gica que se lleva a cabo, el transporte de los residuos, el Programa de Vigilancia Radiol\u00f3gica Ambiental, \u2026<\/p>\n<p>Con estas actividades se pretende visibilizar el trabajo realizado en el aula y acercar al alumnado a distintas opciones laborales; gesti\u00f3n de residuos, puestos t\u00e9cnicos de vigilancia, servicio de protecci\u00f3n radiol\u00f3gica, servicio de comunicaci\u00f3n, &#8230;<\/p>\n<p><img decoding=\"async\" class=\"aligncenter\" src=\"https:\/\/blogsaverroes.juntadeandalucia.es\/iesvcn\/files\/2025\/03\/fgrupo.png\" \/><\/p>\n<p>&nbsp;<\/p>\n<p style=\"text-align: right\">\n","protected":false},"excerpt":{"rendered":"<p>Para poder tener una opini\u00f3n de la energ\u00eda nuclear es necesario conocer las ventajas y desventajas de su generaci\u00f3n, el impacto medioambiental que genera y el desarrollo econ\u00f3mico y social al que est\u00e1 ligada. Adem\u00e1s, hay que distinguir entre residuos&#46;&#46;&#46;<\/p>\n","protected":false},"author":20004,"featured_media":7253,"comment_status":"closed","ping_status":"open","sticky":false,"template":"","format":"standard","meta":{"ngg_post_thumbnail":0,"footnotes":""},"categories":[198],"tags":[56,197],"aioseo_notices":[],"_links":{"self":[{"href":"https:\/\/blogsaverroes.juntadeandalucia.es\/iesvcn\/wp-json\/wp\/v2\/posts\/7243"}],"collection":[{"href":"https:\/\/blogsaverroes.juntadeandalucia.es\/iesvcn\/wp-json\/wp\/v2\/posts"}],"about":[{"href":"https:\/\/blogsaverroes.juntadeandalucia.es\/iesvcn\/wp-json\/wp\/v2\/types\/post"}],"author":[{"embeddable":true,"href":"https:\/\/blogsaverroes.juntadeandalucia.es\/iesvcn\/wp-json\/wp\/v2\/users\/20004"}],"replies":[{"embeddable":true,"href":"https:\/\/blogsaverroes.juntadeandalucia.es\/iesvcn\/wp-json\/wp\/v2\/comments?post=7243"}],"version-history":[{"count":7,"href":"https:\/\/blogsaverroes.juntadeandalucia.es\/iesvcn\/wp-json\/wp\/v2\/posts\/7243\/revisions"}],"predecessor-version":[{"id":7266,"href":"https:\/\/blogsaverroes.juntadeandalucia.es\/iesvcn\/wp-json\/wp\/v2\/posts\/7243\/revisions\/7266"}],"wp:featuredmedia":[{"embeddable":true,"href":"https:\/\/blogsaverroes.juntadeandalucia.es\/iesvcn\/wp-json\/wp\/v2\/media\/7253"}],"wp:attachment":[{"href":"https:\/\/blogsaverroes.juntadeandalucia.es\/iesvcn\/wp-json\/wp\/v2\/media?parent=7243"}],"wp:term":[{"taxonomy":"category","embeddable":true,"href":"https:\/\/blogsaverroes.juntadeandalucia.es\/iesvcn\/wp-json\/wp\/v2\/categories?post=7243"},{"taxonomy":"post_tag","embeddable":true,"href":"https:\/\/blogsaverroes.juntadeandalucia.es\/iesvcn\/wp-json\/wp\/v2\/tags?post=7243"}],"curies":[{"name":"wp","href":"https:\/\/api.w.org\/{rel}","templated":true}]}}