{"id":7557,"date":"2025-10-07T10:32:59","date_gmt":"2025-10-07T09:32:59","guid":{"rendered":"https:\/\/blogsaverroes.juntadeandalucia.es\/iesvcn\/?p=7557"},"modified":"2025-10-07T10:36:05","modified_gmt":"2025-10-07T09:36:05","slug":"mediacion-nuevo-curso-nuevos-retos","status":"publish","type":"post","link":"https:\/\/blogsaverroes.juntadeandalucia.es\/iesvcn\/mediacion-nuevo-curso-nuevos-retos\/","title":{"rendered":"Mediaci\u00f3n; nuevo curso, nuevos retos."},"content":{"rendered":"<p style=\"font-weight: 400\">En las sesiones de formaci\u00f3n del alumnado ayudante mediador trabajamos la importancia del bienestar f\u00edsico y emocional, y de c\u00f3mo la integraci\u00f3n en el grupo-clase favorece este bienestar entre nuestros y nuestras estudiantes.<\/p>\n<p style=\"font-weight: 400\">Es por ello, que a finales del curso 2024\/25 nuestro equipo de mediaci\u00f3n escolar se propuso organizar una jornada l\u00fadica de recepci\u00f3n para alumnado de 1\u00ba de E.S.O. con el objetivo principal de fomentar la integraci\u00f3n de los compa\u00f1eros\/as que llegan a nuestro centro desde el C.E.I.P. Carmen Romero, C.E.I.P. Alonso de Aguilar, C.E.I.P. Do\u00f1a Mar\u00eda Coronel y Colegio Jes\u00fas Nazareno. Un segundo objetivo de esta actividad ser\u00eda acercar la figura de la mediaci\u00f3n escolar a estos nuevos integrantes de nuestra comunidad escolar, mostrando al alumnado de mayor edad, cercano y cordial en ese primer d\u00eda de clase, tan estresante para algunos\/as de los alumnos\/as de 1\u00ba de E.S.O..<\/p>\n<p style=\"font-weight: 400\">Tras debatir entre varias posibilidades, se escogieron algunas actividades l\u00fadico-recreativas para realizar en varias localizaciones del recinto, y se decidi\u00f3 hacer con ellas 5 postas. Distribuimos al alumnado en cinco equipos, que iban a ir pasando por cada una de las postas de juegos acompa\u00f1ados por alumnado ayudante, que actuaba explicando los juegos y organizando los materiales que se iban a utilizar.<\/p>\n<p style=\"font-weight: 400\">La semana anterior al primer d\u00eda lectivo del curso, preparamos los materiales a utilizar y los recintos donde se iban a desarrollar las actividades.<\/p>\n<p><img fetchpriority=\"high\" decoding=\"async\" class=\"aligncenter\" src=\"https:\/\/blogsaverroes.juntadeandalucia.es\/iesvcn\/files\/2025\/10\/Captura-de-Pantalla-2025-10-05-a-las-18.33.04.png\" width=\"574\" height=\"381\" \/><\/p>\n<p style=\"font-weight: 400\"><img decoding=\"async\" class=\"aligncenter\" src=\"https:\/\/blogsaverroes.juntadeandalucia.es\/iesvcn\/files\/2025\/10\/20250912_121702-scaled.jpg\" width=\"262\" height=\"581\" \/><\/p>\n<p style=\"font-weight: 400\">Organizamos tambi\u00e9n la carteler\u00eda y los puestos de cada alumno\/a mediador\/a, que iba a ejercer de \u201cmonitor\/a\u201d.<\/p>\n<p><img decoding=\"async\" class=\"aligncenter\" src=\"https:\/\/blogsaverroes.juntadeandalucia.es\/iesvcn\/files\/2025\/10\/aaa-Captura-de-Pantalla-2025-10-03-a-las-19.47.40.png\" width=\"534\" height=\"240\" \/><\/p>\n<p style=\"font-weight: 400\">Las actividades escogidas fueron:<\/p>\n<p style=\"font-weight: 400\">EL FUTBOL\u00cdN.<\/p>\n<p style=\"font-weight: 400\"><img loading=\"lazy\" decoding=\"async\" class=\"aligncenter\" src=\"https:\/\/blogsaverroes.juntadeandalucia.es\/iesvcn\/files\/2025\/10\/20250912_122520-scaled.jpg\" width=\"541\" height=\"244\" \/><\/p>\n<p><img loading=\"lazy\" decoding=\"async\" class=\"aligncenter\" src=\"https:\/\/blogsaverroes.juntadeandalucia.es\/iesvcn\/files\/2025\/10\/20250915_130751-scaled.jpg\" width=\"552\" height=\"249\" \/><\/p>\n<p>&nbsp;<\/p>\n<p><img loading=\"lazy\" decoding=\"async\" class=\"aligncenter\" src=\"https:\/\/blogsaverroes.juntadeandalucia.es\/iesvcn\/files\/2025\/10\/20250915_132002-scaled.jpg\" width=\"555\" height=\"250\" \/><\/p>\n<p>&nbsp;<\/p>\n<p style=\"font-weight: 400\">JUEGO DE LA SILLA CON AROS.<\/p>\n<p><img loading=\"lazy\" decoding=\"async\" class=\"aligncenter\" src=\"https:\/\/blogsaverroes.juntadeandalucia.es\/iesvcn\/files\/2025\/10\/20250915_133058-scaled.jpg\" width=\"554\" height=\"250\" \/><\/p>\n<p style=\"font-weight: 400\">GOLPEA EL GLOBO.<\/p>\n<p style=\"font-weight: 400\"><img loading=\"lazy\" decoding=\"async\" class=\"aligncenter\" src=\"https:\/\/blogsaverroes.juntadeandalucia.es\/iesvcn\/files\/2025\/10\/20250915_130400-scaled.jpg\" width=\"554\" height=\"250\" \/><\/p>\n<p><img loading=\"lazy\" decoding=\"async\" class=\"aligncenter\" src=\"https:\/\/blogsaverroes.juntadeandalucia.es\/iesvcn\/files\/2025\/10\/IMG-20250915-WA0017.jpg\" width=\"559\" height=\"420\" \/><\/p>\n<p style=\"font-weight: 400\">QU\u00cdTAME LA PINZA.<\/p>\n<p><img loading=\"lazy\" decoding=\"async\" class=\"aligncenter\" src=\"https:\/\/blogsaverroes.juntadeandalucia.es\/iesvcn\/files\/2025\/10\/20250915_135105-scaled.jpg\" width=\"612\" height=\"276\" \/><\/p>\n<p><img loading=\"lazy\" decoding=\"async\" class=\"aligncenter\" src=\"https:\/\/blogsaverroes.juntadeandalucia.es\/iesvcn\/files\/2025\/10\/20250915_135107-scaled.jpg\" width=\"628\" height=\"283\" \/><\/p>\n<p style=\"font-weight: 400\">AL BOTE.<\/p>\n<p>&nbsp;<\/p>\n<p><img loading=\"lazy\" decoding=\"async\" class=\"aligncenter\" src=\"https:\/\/blogsaverroes.juntadeandalucia.es\/iesvcn\/files\/2025\/10\/IMG-20250915-WA0030.jpg\" width=\"476\" height=\"357\" \/><\/p>\n<p><img loading=\"lazy\" decoding=\"async\" class=\"aligncenter\" src=\"https:\/\/blogsaverroes.juntadeandalucia.es\/iesvcn\/files\/2025\/10\/20250915_130654-scaled.jpg\" width=\"485\" height=\"219\" \/><\/p>\n<p>&nbsp;<\/p>\n<p><img loading=\"lazy\" decoding=\"async\" class=\"aligncenter\" src=\"https:\/\/blogsaverroes.juntadeandalucia.es\/iesvcn\/files\/2025\/10\/25-MAYO-CHAPA-3-fondo-transparente.png\" width=\"260\" height=\"260\" \/><\/p>\n","protected":false},"excerpt":{"rendered":"<p>En las sesiones de formaci\u00f3n del alumnado ayudante mediador trabajamos la importancia del bienestar f\u00edsico y emocional, y de c\u00f3mo la integraci\u00f3n en el grupo-clase favorece este bienestar entre nuestros y nuestras estudiantes. Es por ello, que a finales del&#46;&#46;&#46;<\/p>\n","protected":false},"author":20004,"featured_media":7575,"comment_status":"closed","ping_status":"open","sticky":false,"template":"","format":"standard","meta":{"ngg_post_thumbnail":0,"footnotes":""},"categories":[29,39,181,1],"tags":[188,56,46,58],"aioseo_notices":[],"_links":{"self":[{"href":"https:\/\/blogsaverroes.juntadeandalucia.es\/iesvcn\/wp-json\/wp\/v2\/posts\/7557"}],"collection":[{"href":"https:\/\/blogsaverroes.juntadeandalucia.es\/iesvcn\/wp-json\/wp\/v2\/posts"}],"about":[{"href":"https:\/\/blogsaverroes.juntadeandalucia.es\/iesvcn\/wp-json\/wp\/v2\/types\/post"}],"author":[{"embeddable":true,"href":"https:\/\/blogsaverroes.juntadeandalucia.es\/iesvcn\/wp-json\/wp\/v2\/users\/20004"}],"replies":[{"embeddable":true,"href":"https:\/\/blogsaverroes.juntadeandalucia.es\/iesvcn\/wp-json\/wp\/v2\/comments?post=7557"}],"version-history":[{"count":7,"href":"https:\/\/blogsaverroes.juntadeandalucia.es\/iesvcn\/wp-json\/wp\/v2\/posts\/7557\/revisions"}],"predecessor-version":[{"id":7580,"href":"https:\/\/blogsaverroes.juntadeandalucia.es\/iesvcn\/wp-json\/wp\/v2\/posts\/7557\/revisions\/7580"}],"wp:featuredmedia":[{"embeddable":true,"href":"https:\/\/blogsaverroes.juntadeandalucia.es\/iesvcn\/wp-json\/wp\/v2\/media\/7575"}],"wp:attachment":[{"href":"https:\/\/blogsaverroes.juntadeandalucia.es\/iesvcn\/wp-json\/wp\/v2\/media?parent=7557"}],"wp:term":[{"taxonomy":"category","embeddable":true,"href":"https:\/\/blogsaverroes.juntadeandalucia.es\/iesvcn\/wp-json\/wp\/v2\/categories?post=7557"},{"taxonomy":"post_tag","embeddable":true,"href":"https:\/\/blogsaverroes.juntadeandalucia.es\/iesvcn\/wp-json\/wp\/v2\/tags?post=7557"}],"curies":[{"name":"wp","href":"https:\/\/api.w.org\/{rel}","templated":true}]}}