{"id":7744,"date":"2025-11-30T13:19:08","date_gmt":"2025-11-30T12:19:08","guid":{"rendered":"https:\/\/blogsaverroes.juntadeandalucia.es\/iesvcn\/?p=7744"},"modified":"2025-11-30T13:47:40","modified_gmt":"2025-11-30T12:47:40","slug":"dia-santa-cecilia","status":"publish","type":"post","link":"https:\/\/blogsaverroes.juntadeandalucia.es\/iesvcn\/dia-santa-cecilia\/","title":{"rendered":"D\u00eda Santa Cecilia"},"content":{"rendered":"\t\t<div data-elementor-type=\"wp-post\" data-elementor-id=\"7744\" class=\"elementor elementor-7744\">\n\t\t\t\t\t\t<section class=\"elementor-section elementor-top-section elementor-element elementor-element-f6aa3c4 elementor-section-boxed elementor-section-height-default elementor-section-height-default\" data-id=\"f6aa3c4\" data-element_type=\"section\">\n\t\t\t\t\t\t<div class=\"elementor-container elementor-column-gap-default\">\n\t\t\t\t\t<div class=\"elementor-column elementor-col-100 elementor-top-column elementor-element elementor-element-ed3465c\" data-id=\"ed3465c\" data-element_type=\"column\">\n\t\t\t<div class=\"elementor-widget-wrap elementor-element-populated\">\n\t\t\t\t\t\t<div class=\"elementor-element elementor-element-fd3690a elementor-widget elementor-widget-text-editor\" data-id=\"fd3690a\" data-element_type=\"widget\" data-widget_type=\"text-editor.default\">\n\t\t\t\t<div class=\"elementor-widget-container\">\n\t\t\t\t\t\t\t\t\t<p><span style=\"font-weight: 400\">Con motivo del d\u00eda de Santa Cecilia y el D\u00eda Internacional del Flamenco, Cristian L\u00f3pez y Roc\u00edo Palma nos ofrecieron un concierto de guitarra en el Sal\u00f3n de Actos de nuestro instituto donde pudimos disfrutar del arte que transmiten en el escenario.\u00a0<\/span><\/p><p>\u00a0<\/p><p><span style=\"font-weight: 400\">No te pierdas la entrevista que los alumnos del Taller de Radio les hicieron para Vicente Radio, donde podr\u00e1s escuchar parte del concierto.<\/span><\/p>\t\t\t\t\t\t\t\t<\/div>\n\t\t\t\t<\/div>\n\t\t\t\t<div class=\"elementor-element elementor-element-c5907c9 elementor-widget elementor-widget-button\" data-id=\"c5907c9\" data-element_type=\"widget\" data-widget_type=\"button.default\">\n\t\t\t\t<div class=\"elementor-widget-container\">\n\t\t\t\t\t\t\t\t\t<div class=\"elementor-button-wrapper\">\n\t\t\t\t\t<a class=\"elementor-button elementor-button-link elementor-size-sm\" href=\"https:\/\/go.ivoox.com\/rf\/163472749\">\n\t\t\t\t\t\t<span class=\"elementor-button-content-wrapper\">\n\t\t\t\t\t\t<span class=\"elementor-button-icon\">\n\t\t\t\t<i aria-hidden=\"true\" class=\"fas fa-headphones\"><\/i>\t\t\t<\/span>\n\t\t\t\t\t\t\t\t\t<span class=\"elementor-button-text\">Haz clic aqu\u00ed para escuchar el podcast<\/span>\n\t\t\t\t\t<\/span>\n\t\t\t\t\t<\/a>\n\t\t\t\t<\/div>\n\t\t\t\t\t\t\t\t<\/div>\n\t\t\t\t<\/div>\n\t\t\t\t<div class=\"elementor-element elementor-element-71c1b0e elementor-widget elementor-widget-image\" data-id=\"71c1b0e\" data-element_type=\"widget\" data-widget_type=\"image.default\">\n\t\t\t\t<div class=\"elementor-widget-container\">\n\t\t\t\t\t\t\t\t\t\t\t\t\t\t\t<img fetchpriority=\"high\" decoding=\"async\" width=\"300\" height=\"169\" src=\"https:\/\/blogsaverroes.juntadeandalucia.es\/iesvcn\/files\/2025\/11\/WhatsApp-Image-2025-11-30-at-12.58.56-300x169.jpeg\" class=\"attachment-medium size-medium wp-image-7756\" alt=\"\" srcset=\"https:\/\/blogsaverroes.juntadeandalucia.es\/iesvcn\/files\/2025\/11\/WhatsApp-Image-2025-11-30-at-12.58.56-300x169.jpeg 300w, https:\/\/blogsaverroes.juntadeandalucia.es\/iesvcn\/files\/2025\/11\/WhatsApp-Image-2025-11-30-at-12.58.56-1024x576.jpeg 1024w, https:\/\/blogsaverroes.juntadeandalucia.es\/iesvcn\/files\/2025\/11\/WhatsApp-Image-2025-11-30-at-12.58.56-768x432.jpeg 768w, https:\/\/blogsaverroes.juntadeandalucia.es\/iesvcn\/files\/2025\/11\/WhatsApp-Image-2025-11-30-at-12.58.56-1536x864.jpeg 1536w, https:\/\/blogsaverroes.juntadeandalucia.es\/iesvcn\/files\/2025\/11\/WhatsApp-Image-2025-11-30-at-12.58.56.jpeg 1599w\" sizes=\"(max-width: 300px) 100vw, 300px\" \/>\t\t\t\t\t\t\t\t\t\t\t\t\t\t\t<\/div>\n\t\t\t\t<\/div>\n\t\t\t\t<div class=\"elementor-element elementor-element-e25924b elementor-widget elementor-widget-image\" data-id=\"e25924b\" data-element_type=\"widget\" data-widget_type=\"image.default\">\n\t\t\t\t<div class=\"elementor-widget-container\">\n\t\t\t\t\t\t\t\t\t\t\t\t\t\t\t<img decoding=\"async\" width=\"300\" height=\"300\" src=\"https:\/\/blogsaverroes.juntadeandalucia.es\/iesvcn\/files\/2025\/11\/Diseno-sin-titulo-2-300x300.jpg\" class=\"attachment-medium size-medium wp-image-7746\" alt=\"\" srcset=\"https:\/\/blogsaverroes.juntadeandalucia.es\/iesvcn\/files\/2025\/11\/Diseno-sin-titulo-2-300x300.jpg 300w, https:\/\/blogsaverroes.juntadeandalucia.es\/iesvcn\/files\/2025\/11\/Diseno-sin-titulo-2-1024x1024.jpg 1024w, https:\/\/blogsaverroes.juntadeandalucia.es\/iesvcn\/files\/2025\/11\/Diseno-sin-titulo-2-150x150.jpg 150w, https:\/\/blogsaverroes.juntadeandalucia.es\/iesvcn\/files\/2025\/11\/Diseno-sin-titulo-2-768x768.jpg 768w, https:\/\/blogsaverroes.juntadeandalucia.es\/iesvcn\/files\/2025\/11\/Diseno-sin-titulo-2-1536x1536.jpg 1536w, https:\/\/blogsaverroes.juntadeandalucia.es\/iesvcn\/files\/2025\/11\/Diseno-sin-titulo-2-80x80.jpg 80w, https:\/\/blogsaverroes.juntadeandalucia.es\/iesvcn\/files\/2025\/11\/Diseno-sin-titulo-2-320x320.jpg 320w, https:\/\/blogsaverroes.juntadeandalucia.es\/iesvcn\/files\/2025\/11\/Diseno-sin-titulo-2.jpg 2000w\" sizes=\"(max-width: 300px) 100vw, 300px\" \/>\t\t\t\t\t\t\t\t\t\t\t\t\t\t\t<\/div>\n\t\t\t\t<\/div>\n\t\t\t\t<div class=\"elementor-element elementor-element-c110893 elementor-widget elementor-widget-image\" data-id=\"c110893\" data-element_type=\"widget\" data-widget_type=\"image.default\">\n\t\t\t\t<div class=\"elementor-widget-container\">\n\t\t\t\t\t\t\t\t\t\t\t\t\t\t\t<img decoding=\"async\" width=\"212\" height=\"300\" src=\"https:\/\/blogsaverroes.juntadeandalucia.es\/iesvcn\/files\/2025\/11\/SANTA-CECILIA-212x300.jpg\" class=\"attachment-medium size-medium wp-image-7749\" alt=\"\" srcset=\"https:\/\/blogsaverroes.juntadeandalucia.es\/iesvcn\/files\/2025\/11\/SANTA-CECILIA-212x300.jpg 212w, https:\/\/blogsaverroes.juntadeandalucia.es\/iesvcn\/files\/2025\/11\/SANTA-CECILIA-724x1024.jpg 724w, https:\/\/blogsaverroes.juntadeandalucia.es\/iesvcn\/files\/2025\/11\/SANTA-CECILIA-768x1086.jpg 768w, https:\/\/blogsaverroes.juntadeandalucia.es\/iesvcn\/files\/2025\/11\/SANTA-CECILIA-1086x1536.jpg 1086w, https:\/\/blogsaverroes.juntadeandalucia.es\/iesvcn\/files\/2025\/11\/SANTA-CECILIA-1448x2048.jpg 1448w, https:\/\/blogsaverroes.juntadeandalucia.es\/iesvcn\/files\/2025\/11\/SANTA-CECILIA.jpg 1587w\" sizes=\"(max-width: 212px) 100vw, 212px\" \/>\t\t\t\t\t\t\t\t\t\t\t\t\t\t\t<\/div>\n\t\t\t\t<\/div>\n\t\t\t\t<div class=\"elementor-element elementor-element-1d33dd3 elementor-widget elementor-widget-image\" data-id=\"1d33dd3\" data-element_type=\"widget\" data-widget_type=\"image.default\">\n\t\t\t\t<div class=\"elementor-widget-container\">\n\t\t\t\t\t\t\t\t\t\t\t\t\t\t\t<img loading=\"lazy\" decoding=\"async\" width=\"225\" height=\"300\" src=\"https:\/\/blogsaverroes.juntadeandalucia.es\/iesvcn\/files\/2025\/11\/WhatsApp-Image-2025-11-25-at-18.27.52-1-225x300.jpeg\" class=\"attachment-medium size-medium wp-image-7747\" alt=\"\" srcset=\"https:\/\/blogsaverroes.juntadeandalucia.es\/iesvcn\/files\/2025\/11\/WhatsApp-Image-2025-11-25-at-18.27.52-1-225x300.jpeg 225w, https:\/\/blogsaverroes.juntadeandalucia.es\/iesvcn\/files\/2025\/11\/WhatsApp-Image-2025-11-25-at-18.27.52-1-768x1024.jpeg 768w, https:\/\/blogsaverroes.juntadeandalucia.es\/iesvcn\/files\/2025\/11\/WhatsApp-Image-2025-11-25-at-18.27.52-1-1152x1536.jpeg 1152w, https:\/\/blogsaverroes.juntadeandalucia.es\/iesvcn\/files\/2025\/11\/WhatsApp-Image-2025-11-25-at-18.27.52-1.jpeg 1500w\" sizes=\"(max-width: 225px) 100vw, 225px\" \/>\t\t\t\t\t\t\t\t\t\t\t\t\t\t\t<\/div>\n\t\t\t\t<\/div>\n\t\t\t\t<div class=\"elementor-element elementor-element-7e48e94 elementor-widget elementor-widget-image\" data-id=\"7e48e94\" data-element_type=\"widget\" data-widget_type=\"image.default\">\n\t\t\t\t<div class=\"elementor-widget-container\">\n\t\t\t\t\t\t\t\t\t\t\t\t\t\t\t<img loading=\"lazy\" decoding=\"async\" width=\"300\" height=\"225\" src=\"https:\/\/blogsaverroes.juntadeandalucia.es\/iesvcn\/files\/2025\/11\/WhatsApp-Image-2025-11-25-at-18.28.38-1-300x225.jpeg\" class=\"attachment-medium size-medium wp-image-7748\" alt=\"\" srcset=\"https:\/\/blogsaverroes.juntadeandalucia.es\/iesvcn\/files\/2025\/11\/WhatsApp-Image-2025-11-25-at-18.28.38-1-300x225.jpeg 300w, https:\/\/blogsaverroes.juntadeandalucia.es\/iesvcn\/files\/2025\/11\/WhatsApp-Image-2025-11-25-at-18.28.38-1-1024x768.jpeg 1024w, https:\/\/blogsaverroes.juntadeandalucia.es\/iesvcn\/files\/2025\/11\/WhatsApp-Image-2025-11-25-at-18.28.38-1-768x576.jpeg 768w, https:\/\/blogsaverroes.juntadeandalucia.es\/iesvcn\/files\/2025\/11\/WhatsApp-Image-2025-11-25-at-18.28.38-1-1536x1152.jpeg 1536w, https:\/\/blogsaverroes.juntadeandalucia.es\/iesvcn\/files\/2025\/11\/WhatsApp-Image-2025-11-25-at-18.28.38-1.jpeg 2000w\" sizes=\"(max-width: 300px) 100vw, 300px\" \/>\t\t\t\t\t\t\t\t\t\t\t\t\t\t\t<\/div>\n\t\t\t\t<\/div>\n\t\t\t\t<div class=\"elementor-element elementor-element-a12e772 elementor-widget elementor-widget-image\" data-id=\"a12e772\" data-element_type=\"widget\" data-widget_type=\"image.default\">\n\t\t\t\t<div class=\"elementor-widget-container\">\n\t\t\t\t\t\t\t\t\t\t\t\t\t\t\t<img loading=\"lazy\" decoding=\"async\" width=\"285\" height=\"300\" src=\"https:\/\/blogsaverroes.juntadeandalucia.es\/iesvcn\/files\/2024\/12\/imagen-logo-radio-285x300.jpg\" class=\"attachment-medium size-medium wp-image-6950\" alt=\"\" srcset=\"https:\/\/blogsaverroes.juntadeandalucia.es\/iesvcn\/files\/2024\/12\/imagen-logo-radio-285x300.jpg 285w, https:\/\/blogsaverroes.juntadeandalucia.es\/iesvcn\/files\/2024\/12\/imagen-logo-radio.jpg 555w\" sizes=\"(max-width: 285px) 100vw, 285px\" \/>\t\t\t\t\t\t\t\t\t\t\t\t\t\t\t<\/div>\n\t\t\t\t<\/div>\n\t\t\t\t\t<\/div>\n\t\t<\/div>\n\t\t\t\t\t<\/div>\n\t\t<\/section>\n\t\t\t\t<\/div>\n\t\t","protected":false},"excerpt":{"rendered":"<p>Con motivo del d\u00eda de Santa Cecilia y el D\u00eda Internacional del Flamenco, Cristian L\u00f3pez y Roc\u00edo Palma nos ofrecieron un concierto de guitarra en el Sal\u00f3n de Actos de nuestro instituto donde pudimos disfrutar del arte que transmiten en&#46;&#46;&#46;<\/p>\n","protected":false},"author":14924,"featured_media":7746,"comment_status":"closed","ping_status":"open","sticky":false,"template":"","format":"standard","meta":{"ngg_post_thumbnail":0,"footnotes":""},"categories":[184,2,126,146,186,12,180],"tags":[],"aioseo_notices":[],"_links":{"self":[{"href":"https:\/\/blogsaverroes.juntadeandalucia.es\/iesvcn\/wp-json\/wp\/v2\/posts\/7744"}],"collection":[{"href":"https:\/\/blogsaverroes.juntadeandalucia.es\/iesvcn\/wp-json\/wp\/v2\/posts"}],"about":[{"href":"https:\/\/blogsaverroes.juntadeandalucia.es\/iesvcn\/wp-json\/wp\/v2\/types\/post"}],"author":[{"embeddable":true,"href":"https:\/\/blogsaverroes.juntadeandalucia.es\/iesvcn\/wp-json\/wp\/v2\/users\/14924"}],"replies":[{"embeddable":true,"href":"https:\/\/blogsaverroes.juntadeandalucia.es\/iesvcn\/wp-json\/wp\/v2\/comments?post=7744"}],"version-history":[{"count":10,"href":"https:\/\/blogsaverroes.juntadeandalucia.es\/iesvcn\/wp-json\/wp\/v2\/posts\/7744\/revisions"}],"predecessor-version":[{"id":7762,"href":"https:\/\/blogsaverroes.juntadeandalucia.es\/iesvcn\/wp-json\/wp\/v2\/posts\/7744\/revisions\/7762"}],"wp:featuredmedia":[{"embeddable":true,"href":"https:\/\/blogsaverroes.juntadeandalucia.es\/iesvcn\/wp-json\/wp\/v2\/media\/7746"}],"wp:attachment":[{"href":"https:\/\/blogsaverroes.juntadeandalucia.es\/iesvcn\/wp-json\/wp\/v2\/media?parent=7744"}],"wp:term":[{"taxonomy":"category","embeddable":true,"href":"https:\/\/blogsaverroes.juntadeandalucia.es\/iesvcn\/wp-json\/wp\/v2\/categories?post=7744"},{"taxonomy":"post_tag","embeddable":true,"href":"https:\/\/blogsaverroes.juntadeandalucia.es\/iesvcn\/wp-json\/wp\/v2\/tags?post=7744"}],"curies":[{"name":"wp","href":"https:\/\/api.w.org\/{rel}","templated":true}]}}