{"id":1951,"date":"2021-10-04T16:49:27","date_gmt":"2021-10-04T15:49:27","guid":{"rendered":"https:\/\/blogsaverroes.juntadeandalucia.es\/iesvegademar\/?p=1951"},"modified":"2022-01-13T18:51:23","modified_gmt":"2022-01-13T17:51:23","slug":"protocolo-covid-de-nuestro-centro","status":"publish","type":"post","link":"https:\/\/blogsaverroes.juntadeandalucia.es\/iesvegademar\/protocolo-covid-de-nuestro-centro\/","title":{"rendered":"Protocolo COVID de nuestro Centro."},"content":{"rendered":"<p>(Acceda a la noticia haciendo clic sobre su t\u00edtulo)<\/p>\n<p>Protocolo Covid de nuestro Centro, y la legislaci\u00f3n m\u00e1s reciente:<\/p>\n<p><span style=\"color: #0000ff\"><a style=\"color: #0000ff\" href=\"https:\/\/drive.google.com\/drive\/folders\/1PDCmjlEusJdtrSAPsWQP-wsGxCzMqZh5?usp=sharing\" target=\"_blank\" rel=\"noopener noreferrer\">https:\/\/drive.google.com\/drive\/folders\/1PDCmjlEusJdtrSAPsWQP-wsGxCzMqZh5?usp=sharing<\/a><\/span><\/p>\n","protected":false},"excerpt":{"rendered":"<p>(Acceda a la noticia haciendo clic sobre su t\u00edtulo) Protocolo Covid de nuestro Centro, y la legislaci\u00f3n m\u00e1s reciente: https:\/\/drive.google.com\/drive\/folders\/1PDCmjlEusJdtrSAPsWQP-wsGxCzMqZh5?usp=sharing<\/p>\n","protected":false},"author":12386,"featured_media":2092,"comment_status":"closed","ping_status":"open","sticky":false,"template":"","format":"standard","meta":{"ngg_post_thumbnail":0,"footnotes":""},"categories":[87,3],"tags":[],"aioseo_notices":[],"_links":{"self":[{"href":"https:\/\/blogsaverroes.juntadeandalucia.es\/iesvegademar\/wp-json\/wp\/v2\/posts\/1951"}],"collection":[{"href":"https:\/\/blogsaverroes.juntadeandalucia.es\/iesvegademar\/wp-json\/wp\/v2\/posts"}],"about":[{"href":"https:\/\/blogsaverroes.juntadeandalucia.es\/iesvegademar\/wp-json\/wp\/v2\/types\/post"}],"author":[{"embeddable":true,"href":"https:\/\/blogsaverroes.juntadeandalucia.es\/iesvegademar\/wp-json\/wp\/v2\/users\/12386"}],"replies":[{"embeddable":true,"href":"https:\/\/blogsaverroes.juntadeandalucia.es\/iesvegademar\/wp-json\/wp\/v2\/comments?post=1951"}],"version-history":[{"count":1,"href":"https:\/\/blogsaverroes.juntadeandalucia.es\/iesvegademar\/wp-json\/wp\/v2\/posts\/1951\/revisions"}],"predecessor-version":[{"id":1952,"href":"https:\/\/blogsaverroes.juntadeandalucia.es\/iesvegademar\/wp-json\/wp\/v2\/posts\/1951\/revisions\/1952"}],"wp:featuredmedia":[{"embeddable":true,"href":"https:\/\/blogsaverroes.juntadeandalucia.es\/iesvegademar\/wp-json\/wp\/v2\/media\/2092"}],"wp:attachment":[{"href":"https:\/\/blogsaverroes.juntadeandalucia.es\/iesvegademar\/wp-json\/wp\/v2\/media?parent=1951"}],"wp:term":[{"taxonomy":"category","embeddable":true,"href":"https:\/\/blogsaverroes.juntadeandalucia.es\/iesvegademar\/wp-json\/wp\/v2\/categories?post=1951"},{"taxonomy":"post_tag","embeddable":true,"href":"https:\/\/blogsaverroes.juntadeandalucia.es\/iesvegademar\/wp-json\/wp\/v2\/tags?post=1951"}],"curies":[{"name":"wp","href":"https:\/\/api.w.org\/{rel}","templated":true}]}}