{"id":2715,"date":"2023-05-16T18:01:54","date_gmt":"2023-05-16T17:01:54","guid":{"rendered":"https:\/\/blogsaverroes.juntadeandalucia.es\/iesvegademar\/?p=2715"},"modified":"2023-05-16T18:47:31","modified_gmt":"2023-05-16T17:47:31","slug":"campus-energetico","status":"publish","type":"post","link":"https:\/\/blogsaverroes.juntadeandalucia.es\/iesvegademar\/campus-energetico\/","title":{"rendered":"XIX Semana de la Ciencia (Campus de la Energ\u00eda)"},"content":{"rendered":"<p>Los alumnos de 3\u00ba ESO A, han participado adem\u00e1s de la semana de la ciencia del instituto, en el proyecto campus de la energ\u00eda con trabajos sobre esta tem\u00e1tica.<\/p>\n\n\t\t<style>\n\t\t\t#gallery-1 {\n\t\t\t\tmargin: auto;\n\t\t\t}\n\t\t\t#gallery-1 .gallery-item {\n\t\t\t\tfloat: left;\n\t\t\t\tmargin-top: 10px;\n\t\t\t\ttext-align: center;\n\t\t\t\twidth: 100%;\n\t\t\t}\n\t\t\t#gallery-1 img {\n\t\t\t\tborder: 2px solid #cfcfcf;\n\t\t\t}\n\t\t\t#gallery-1 .gallery-caption {\n\t\t\t\tmargin-left: 0;\n\t\t\t}\n\t\t\t\/* see gallery_shortcode() in wp-includes\/media.php *\/\n\t\t<\/style>\n\t\t<div id='gallery-1' class='gallery galleryid-2715 gallery-columns-1 gallery-size-medium'><dl class='gallery-item'>\n\t\t\t<dt class='gallery-icon landscape'>\n\t\t\t\t<a href='https:\/\/blogsaverroes.juntadeandalucia.es\/iesvegademar\/e1\/'><img loading=\"lazy\" decoding=\"async\" width=\"300\" height=\"169\" src=\"https:\/\/blogsaverroes.juntadeandalucia.es\/iesvegademar\/files\/2023\/05\/e1-300x169.png\" class=\"attachment-medium size-medium\" alt=\"\" srcset=\"https:\/\/blogsaverroes.juntadeandalucia.es\/iesvegademar\/files\/2023\/05\/e1-300x169.png 300w, https:\/\/blogsaverroes.juntadeandalucia.es\/iesvegademar\/files\/2023\/05\/e1-1024x578.png 1024w, https:\/\/blogsaverroes.juntadeandalucia.es\/iesvegademar\/files\/2023\/05\/e1-768x434.png 768w, https:\/\/blogsaverroes.juntadeandalucia.es\/iesvegademar\/files\/2023\/05\/e1.png 1117w\" sizes=\"(max-width: 300px) 100vw, 300px\" \/><\/a>\n\t\t\t<\/dt><\/dl><br style=\"clear: both\" \/><dl class='gallery-item'>\n\t\t\t<dt class='gallery-icon landscape'>\n\t\t\t\t<a href='https:\/\/blogsaverroes.juntadeandalucia.es\/iesvegademar\/e2\/'><img loading=\"lazy\" decoding=\"async\" width=\"300\" height=\"169\" src=\"https:\/\/blogsaverroes.juntadeandalucia.es\/iesvegademar\/files\/2023\/05\/e2-300x169.png\" class=\"attachment-medium size-medium\" alt=\"\" srcset=\"https:\/\/blogsaverroes.juntadeandalucia.es\/iesvegademar\/files\/2023\/05\/e2-300x169.png 300w, https:\/\/blogsaverroes.juntadeandalucia.es\/iesvegademar\/files\/2023\/05\/e2-1024x576.png 1024w, https:\/\/blogsaverroes.juntadeandalucia.es\/iesvegademar\/files\/2023\/05\/e2-768x432.png 768w, https:\/\/blogsaverroes.juntadeandalucia.es\/iesvegademar\/files\/2023\/05\/e2-1536x863.png 1536w, https:\/\/blogsaverroes.juntadeandalucia.es\/iesvegademar\/files\/2023\/05\/e2.png 1539w\" sizes=\"(max-width: 300px) 100vw, 300px\" \/><\/a>\n\t\t\t<\/dt><\/dl><br style=\"clear: both\" \/><dl class='gallery-item'>\n\t\t\t<dt class='gallery-icon landscape'>\n\t\t\t\t<a href='https:\/\/blogsaverroes.juntadeandalucia.es\/iesvegademar\/e3\/'><img loading=\"lazy\" decoding=\"async\" width=\"300\" height=\"137\" src=\"https:\/\/blogsaverroes.juntadeandalucia.es\/iesvegademar\/files\/2023\/05\/e3-300x137.png\" class=\"attachment-medium size-medium\" alt=\"\" srcset=\"https:\/\/blogsaverroes.juntadeandalucia.es\/iesvegademar\/files\/2023\/05\/e3-300x137.png 300w, https:\/\/blogsaverroes.juntadeandalucia.es\/iesvegademar\/files\/2023\/05\/e3-1024x469.png 1024w, https:\/\/blogsaverroes.juntadeandalucia.es\/iesvegademar\/files\/2023\/05\/e3-768x352.png 768w, https:\/\/blogsaverroes.juntadeandalucia.es\/iesvegademar\/files\/2023\/05\/e3-1536x703.png 1536w, https:\/\/blogsaverroes.juntadeandalucia.es\/iesvegademar\/files\/2023\/05\/e3-980x450.png 980w, https:\/\/blogsaverroes.juntadeandalucia.es\/iesvegademar\/files\/2023\/05\/e3.png 1881w\" sizes=\"(max-width: 300px) 100vw, 300px\" \/><\/a>\n\t\t\t<\/dt><\/dl><br style=\"clear: both\" \/><dl class='gallery-item'>\n\t\t\t<dt class='gallery-icon landscape'>\n\t\t\t\t<a href='https:\/\/blogsaverroes.juntadeandalucia.es\/iesvegademar\/e4\/'><img loading=\"lazy\" decoding=\"async\" width=\"300\" height=\"167\" src=\"https:\/\/blogsaverroes.juntadeandalucia.es\/iesvegademar\/files\/2023\/05\/e4-300x167.png\" class=\"attachment-medium size-medium\" alt=\"\" srcset=\"https:\/\/blogsaverroes.juntadeandalucia.es\/iesvegademar\/files\/2023\/05\/e4-300x167.png 300w, https:\/\/blogsaverroes.juntadeandalucia.es\/iesvegademar\/files\/2023\/05\/e4-1024x570.png 1024w, https:\/\/blogsaverroes.juntadeandalucia.es\/iesvegademar\/files\/2023\/05\/e4-768x428.png 768w, https:\/\/blogsaverroes.juntadeandalucia.es\/iesvegademar\/files\/2023\/05\/e4-1536x855.png 1536w, https:\/\/blogsaverroes.juntadeandalucia.es\/iesvegademar\/files\/2023\/05\/e4.png 1543w\" sizes=\"(max-width: 300px) 100vw, 300px\" \/><\/a>\n\t\t\t<\/dt><\/dl><br style=\"clear: both\" \/><dl class='gallery-item'>\n\t\t\t<dt class='gallery-icon landscape'>\n\t\t\t\t<a href='https:\/\/blogsaverroes.juntadeandalucia.es\/iesvegademar\/e5\/'><img loading=\"lazy\" decoding=\"async\" width=\"300\" height=\"164\" src=\"https:\/\/blogsaverroes.juntadeandalucia.es\/iesvegademar\/files\/2023\/05\/e5-300x164.png\" class=\"attachment-medium size-medium\" alt=\"\" srcset=\"https:\/\/blogsaverroes.juntadeandalucia.es\/iesvegademar\/files\/2023\/05\/e5-300x164.png 300w, https:\/\/blogsaverroes.juntadeandalucia.es\/iesvegademar\/files\/2023\/05\/e5-1024x560.png 1024w, https:\/\/blogsaverroes.juntadeandalucia.es\/iesvegademar\/files\/2023\/05\/e5-768x420.png 768w, https:\/\/blogsaverroes.juntadeandalucia.es\/iesvegademar\/files\/2023\/05\/e5-1536x840.png 1536w, https:\/\/blogsaverroes.juntadeandalucia.es\/iesvegademar\/files\/2023\/05\/e5.png 1545w\" sizes=\"(max-width: 300px) 100vw, 300px\" \/><\/a>\n\t\t\t<\/dt><\/dl><br style=\"clear: both\" \/>\n\t\t<\/div>\n\n","protected":false},"excerpt":{"rendered":"<p>Los alumnos de 3\u00ba ESO A, han participado adem\u00e1s de la semana de la ciencia del instituto, en el proyecto campus de la energ\u00eda con trabajos sobre esta tem\u00e1tica.<\/p>\n","protected":false},"author":12386,"featured_media":2722,"comment_status":"closed","ping_status":"open","sticky":false,"template":"","format":"standard","meta":{"ngg_post_thumbnail":0,"footnotes":""},"categories":[48,3,4,131],"tags":[],"aioseo_notices":[],"_links":{"self":[{"href":"https:\/\/blogsaverroes.juntadeandalucia.es\/iesvegademar\/wp-json\/wp\/v2\/posts\/2715"}],"collection":[{"href":"https:\/\/blogsaverroes.juntadeandalucia.es\/iesvegademar\/wp-json\/wp\/v2\/posts"}],"about":[{"href":"https:\/\/blogsaverroes.juntadeandalucia.es\/iesvegademar\/wp-json\/wp\/v2\/types\/post"}],"author":[{"embeddable":true,"href":"https:\/\/blogsaverroes.juntadeandalucia.es\/iesvegademar\/wp-json\/wp\/v2\/users\/12386"}],"replies":[{"embeddable":true,"href":"https:\/\/blogsaverroes.juntadeandalucia.es\/iesvegademar\/wp-json\/wp\/v2\/comments?post=2715"}],"version-history":[{"count":5,"href":"https:\/\/blogsaverroes.juntadeandalucia.es\/iesvegademar\/wp-json\/wp\/v2\/posts\/2715\/revisions"}],"predecessor-version":[{"id":2756,"href":"https:\/\/blogsaverroes.juntadeandalucia.es\/iesvegademar\/wp-json\/wp\/v2\/posts\/2715\/revisions\/2756"}],"wp:featuredmedia":[{"embeddable":true,"href":"https:\/\/blogsaverroes.juntadeandalucia.es\/iesvegademar\/wp-json\/wp\/v2\/media\/2722"}],"wp:attachment":[{"href":"https:\/\/blogsaverroes.juntadeandalucia.es\/iesvegademar\/wp-json\/wp\/v2\/media?parent=2715"}],"wp:term":[{"taxonomy":"category","embeddable":true,"href":"https:\/\/blogsaverroes.juntadeandalucia.es\/iesvegademar\/wp-json\/wp\/v2\/categories?post=2715"},{"taxonomy":"post_tag","embeddable":true,"href":"https:\/\/blogsaverroes.juntadeandalucia.es\/iesvegademar\/wp-json\/wp\/v2\/tags?post=2715"}],"curies":[{"name":"wp","href":"https:\/\/api.w.org\/{rel}","templated":true}]}}