{"id":3069,"date":"2024-02-21T09:50:32","date_gmt":"2024-02-21T08:50:32","guid":{"rendered":"https:\/\/blogsaverroes.juntadeandalucia.es\/iesvegademar\/?p=3069"},"modified":"2024-02-21T09:52:50","modified_gmt":"2024-02-21T08:52:50","slug":"actividades-de-celebracion-del-dia-escolar-de-la-no-violencia-y-la-paz","status":"publish","type":"post","link":"https:\/\/blogsaverroes.juntadeandalucia.es\/iesvegademar\/actividades-de-celebracion-del-dia-escolar-de-la-no-violencia-y-la-paz\/","title":{"rendered":"ACTIVIDADES DE CELEBRACI\u00d3N DEL D\u00cdA ESCOLAR DE LA NO VIOLENCIA Y LA PAZ."},"content":{"rendered":"<p align=\"justify\"><span style=\"font-size: medium\"><span lang=\"es-ES-u-co-trad\">Un curso m\u00e1s nos hemos unido a la celebraci\u00f3n del d\u00eda Escolar para la No violencia y la Paz y, en los d\u00edas previos y durante el 30 de enero, se organizaron y desarrollaron en nuestro centro multitud de actividades.<\/span><\/span><\/p>\n<p align=\"justify\"><span style=\"font-size: medium\"><span lang=\"es-ES-u-co-trad\">Expresar nuestro compromiso, durante todos y cada uno de los d\u00edas, en el desarrollo de los valores que construyen la cultura para la NO violencia y la Paz.<\/span><\/span><\/p>\n<p align=\"justify\"><span style=\"font-size: medium\"><span lang=\"es-ES-u-co-trad\">Os mostramos fotos e im\u00e1genes de las diferentes actividades desarrolladas.<\/span><\/span><\/p>\n<p align=\"justify\"><img loading=\"lazy\" decoding=\"async\" class=\"aligncenter wp-image-3068 size-large\" src=\"https:\/\/blogsaverroes.juntadeandalucia.es\/iesvegademar\/files\/2024\/02\/Escuela-Espacio-de-Paz.-1.-1024x819.png\" alt=\"\" width=\"1024\" height=\"819\" srcset=\"https:\/\/blogsaverroes.juntadeandalucia.es\/iesvegademar\/files\/2024\/02\/Escuela-Espacio-de-Paz.-1.-1024x819.png 1024w, https:\/\/blogsaverroes.juntadeandalucia.es\/iesvegademar\/files\/2024\/02\/Escuela-Espacio-de-Paz.-1.-300x240.png 300w, https:\/\/blogsaverroes.juntadeandalucia.es\/iesvegademar\/files\/2024\/02\/Escuela-Espacio-de-Paz.-1.-768x614.png 768w, https:\/\/blogsaverroes.juntadeandalucia.es\/iesvegademar\/files\/2024\/02\/Escuela-Espacio-de-Paz.-1.-1536x1229.png 1536w, https:\/\/blogsaverroes.juntadeandalucia.es\/iesvegademar\/files\/2024\/02\/Escuela-Espacio-de-Paz.-1..png 2000w\" sizes=\"(max-width: 1024px) 100vw, 1024px\" \/><\/p>\n<p align=\"justify\"><img loading=\"lazy\" decoding=\"async\" class=\"aligncenter wp-image-3067 size-large\" src=\"https:\/\/blogsaverroes.juntadeandalucia.es\/iesvegademar\/files\/2024\/02\/Escuela-Espacio-de-Paz.-2.-1024x683.png\" alt=\"\" width=\"1024\" height=\"683\" srcset=\"https:\/\/blogsaverroes.juntadeandalucia.es\/iesvegademar\/files\/2024\/02\/Escuela-Espacio-de-Paz.-2.-1024x683.png 1024w, https:\/\/blogsaverroes.juntadeandalucia.es\/iesvegademar\/files\/2024\/02\/Escuela-Espacio-de-Paz.-2.-300x200.png 300w, https:\/\/blogsaverroes.juntadeandalucia.es\/iesvegademar\/files\/2024\/02\/Escuela-Espacio-de-Paz.-2.-768x512.png 768w, https:\/\/blogsaverroes.juntadeandalucia.es\/iesvegademar\/files\/2024\/02\/Escuela-Espacio-de-Paz.-2.-1536x1024.png 1536w, https:\/\/blogsaverroes.juntadeandalucia.es\/iesvegademar\/files\/2024\/02\/Escuela-Espacio-de-Paz.-2..png 1800w\" sizes=\"(max-width: 1024px) 100vw, 1024px\" \/><\/p>\n<p align=\"justify\"><img loading=\"lazy\" decoding=\"async\" class=\"aligncenter wp-image-3066 size-large\" src=\"https:\/\/blogsaverroes.juntadeandalucia.es\/iesvegademar\/files\/2024\/02\/Escuela-Espacio-de-Paz.-3.-1024x819.png\" alt=\"\" width=\"1024\" height=\"819\" srcset=\"https:\/\/blogsaverroes.juntadeandalucia.es\/iesvegademar\/files\/2024\/02\/Escuela-Espacio-de-Paz.-3.-1024x819.png 1024w, https:\/\/blogsaverroes.juntadeandalucia.es\/iesvegademar\/files\/2024\/02\/Escuela-Espacio-de-Paz.-3.-300x240.png 300w, https:\/\/blogsaverroes.juntadeandalucia.es\/iesvegademar\/files\/2024\/02\/Escuela-Espacio-de-Paz.-3.-768x614.png 768w, https:\/\/blogsaverroes.juntadeandalucia.es\/iesvegademar\/files\/2024\/02\/Escuela-Espacio-de-Paz.-3.-1536x1229.png 1536w, https:\/\/blogsaverroes.juntadeandalucia.es\/iesvegademar\/files\/2024\/02\/Escuela-Espacio-de-Paz.-3..png 2000w\" sizes=\"(max-width: 1024px) 100vw, 1024px\" \/><\/p>\n<p align=\"justify\"><img loading=\"lazy\" decoding=\"async\" class=\"aligncenter wp-image-3065 size-large\" src=\"https:\/\/blogsaverroes.juntadeandalucia.es\/iesvegademar\/files\/2024\/02\/Escuela-Espacio-de-Paz.-4.-1024x819.png\" alt=\"\" width=\"1024\" height=\"819\" srcset=\"https:\/\/blogsaverroes.juntadeandalucia.es\/iesvegademar\/files\/2024\/02\/Escuela-Espacio-de-Paz.-4.-1024x819.png 1024w, https:\/\/blogsaverroes.juntadeandalucia.es\/iesvegademar\/files\/2024\/02\/Escuela-Espacio-de-Paz.-4.-300x240.png 300w, https:\/\/blogsaverroes.juntadeandalucia.es\/iesvegademar\/files\/2024\/02\/Escuela-Espacio-de-Paz.-4.-768x614.png 768w, https:\/\/blogsaverroes.juntadeandalucia.es\/iesvegademar\/files\/2024\/02\/Escuela-Espacio-de-Paz.-4.-1536x1229.png 1536w, https:\/\/blogsaverroes.juntadeandalucia.es\/iesvegademar\/files\/2024\/02\/Escuela-Espacio-de-Paz.-4..png 2000w\" sizes=\"(max-width: 1024px) 100vw, 1024px\" \/><\/p>\n<p align=\"justify\">&nbsp;<\/p>\n","protected":false},"excerpt":{"rendered":"<p>Un curso m\u00e1s nos hemos unido a la celebraci\u00f3n del d\u00eda Escolar para la No violencia y la Paz y, en los d\u00edas previos y durante el 30 de enero, se organizaron y desarrollaron&#46;&#46;&#46;<\/p>\n","protected":false},"author":12386,"featured_media":2679,"comment_status":"closed","ping_status":"open","sticky":false,"template":"","format":"standard","meta":{"ngg_post_thumbnail":0,"footnotes":""},"categories":[88,4,1],"tags":[],"aioseo_notices":[],"_links":{"self":[{"href":"https:\/\/blogsaverroes.juntadeandalucia.es\/iesvegademar\/wp-json\/wp\/v2\/posts\/3069"}],"collection":[{"href":"https:\/\/blogsaverroes.juntadeandalucia.es\/iesvegademar\/wp-json\/wp\/v2\/posts"}],"about":[{"href":"https:\/\/blogsaverroes.juntadeandalucia.es\/iesvegademar\/wp-json\/wp\/v2\/types\/post"}],"author":[{"embeddable":true,"href":"https:\/\/blogsaverroes.juntadeandalucia.es\/iesvegademar\/wp-json\/wp\/v2\/users\/12386"}],"replies":[{"embeddable":true,"href":"https:\/\/blogsaverroes.juntadeandalucia.es\/iesvegademar\/wp-json\/wp\/v2\/comments?post=3069"}],"version-history":[{"count":3,"href":"https:\/\/blogsaverroes.juntadeandalucia.es\/iesvegademar\/wp-json\/wp\/v2\/posts\/3069\/revisions"}],"predecessor-version":[{"id":3072,"href":"https:\/\/blogsaverroes.juntadeandalucia.es\/iesvegademar\/wp-json\/wp\/v2\/posts\/3069\/revisions\/3072"}],"wp:featuredmedia":[{"embeddable":true,"href":"https:\/\/blogsaverroes.juntadeandalucia.es\/iesvegademar\/wp-json\/wp\/v2\/media\/2679"}],"wp:attachment":[{"href":"https:\/\/blogsaverroes.juntadeandalucia.es\/iesvegademar\/wp-json\/wp\/v2\/media?parent=3069"}],"wp:term":[{"taxonomy":"category","embeddable":true,"href":"https:\/\/blogsaverroes.juntadeandalucia.es\/iesvegademar\/wp-json\/wp\/v2\/categories?post=3069"},{"taxonomy":"post_tag","embeddable":true,"href":"https:\/\/blogsaverroes.juntadeandalucia.es\/iesvegademar\/wp-json\/wp\/v2\/tags?post=3069"}],"curies":[{"name":"wp","href":"https:\/\/api.w.org\/{rel}","templated":true}]}}