{"id":3171,"date":"2020-03-13T11:18:05","date_gmt":"2020-03-13T11:18:05","guid":{"rendered":"https:\/\/blogsaverroes.juntadeandalucia.es\/iesveladalhamar\/?p=3171"},"modified":"2020-04-27T12:00:03","modified_gmt":"2020-04-27T12:00:03","slug":"moodle-i-e-s-velad-al-hamar","status":"publish","type":"post","link":"https:\/\/blogsaverroes.juntadeandalucia.es\/iesveladalhamar\/2020\/03\/13\/moodle-i-e-s-velad-al-hamar\/","title":{"rendered":"MOODLE &#8211; I.E.S. VELAD AL HAMAR"},"content":{"rendered":"<p><a href=\"https:\/\/educacionadistancia.juntadeandalucia.es\/centros\/almeria\/login\/index.php\" target=\"_blank\" rel=\"noopener noreferrer\">ENLACE A LA MODDLE DEL I.E.S. VELAD AL HAMAR.<\/a><\/p>\n<p>URL: https:\/\/educacionadistancia.juntadeandalucia.es\/centros\/almeria\/login\/index.php<\/p>\n<p>(Versi\u00f3n de Moodle: 3.6 Acceso: HTTPS)<\/p>\n<p style=\"text-align: center\"><strong>Creaci\u00f3n de Aulas\/Cursos<\/strong><\/p>\n<p style=\"text-align: left\">Cada docente, con su usuario, puede crear un curso asociado a las asignaturas a las que imparte clase.<\/p>\n<p><a href=\"https:\/\/blogsaverroes.juntadeandalucia.es\/iesveladalhamar\/files\/2020\/03\/Moodle-1-1.png\"><img loading=\"lazy\" decoding=\"async\" width=\"300\" height=\"177\" class=\"size-medium wp-image-3174 aligncenter\" alt=\"\" src=\"https:\/\/blogsaverroes.juntadeandalucia.es\/iesveladalhamar\/files\/2020\/03\/Moodle-1-1-300x177.png\" srcset=\"https:\/\/blogsaverroes.juntadeandalucia.es\/iesveladalhamar\/files\/2020\/03\/Moodle-1-1-300x177.png 300w, https:\/\/blogsaverroes.juntadeandalucia.es\/iesveladalhamar\/files\/2020\/03\/Moodle-1-1-768x452.png 768w, https:\/\/blogsaverroes.juntadeandalucia.es\/iesveladalhamar\/files\/2020\/03\/Moodle-1-1-24x14.png 24w, https:\/\/blogsaverroes.juntadeandalucia.es\/iesveladalhamar\/files\/2020\/03\/Moodle-1-1-36x21.png 36w, https:\/\/blogsaverroes.juntadeandalucia.es\/iesveladalhamar\/files\/2020\/03\/Moodle-1-1-48x28.png 48w, https:\/\/blogsaverroes.juntadeandalucia.es\/iesveladalhamar\/files\/2020\/03\/Moodle-1-1.png 841w\" sizes=\"(max-width: 300px) 100vw, 300px\" \/><\/a><\/p>\n<p>Con el usuario Equipo Directivo\/Coordinaci\u00f3n TIC podemos crear todas las aulas disponibles para nuestro centro. Adem\u00e1s, con este perfil, se pueden crear Aulas\/curso no asociadas a ning\u00fan grupo clase.<br \/>\nAl pulsar en creaci\u00f3n de aulas aparecer\u00e1 el listado de todos los cursos que se pueden crear, asociados a niveles, materias que impartimos.<\/p>\n<p style=\"text-align: center\"><a href=\"https:\/\/blogsaverroes.juntadeandalucia.es\/iesveladalhamar\/files\/2020\/03\/Moodle-2-1.png\"><img loading=\"lazy\" decoding=\"async\" width=\"300\" height=\"161\" class=\"alignnone size-medium wp-image-3175\" alt=\"\" src=\"https:\/\/blogsaverroes.juntadeandalucia.es\/iesveladalhamar\/files\/2020\/03\/Moodle-2-1-300x161.png\" srcset=\"https:\/\/blogsaverroes.juntadeandalucia.es\/iesveladalhamar\/files\/2020\/03\/Moodle-2-1-300x161.png 300w, https:\/\/blogsaverroes.juntadeandalucia.es\/iesveladalhamar\/files\/2020\/03\/Moodle-2-1-768x413.png 768w, https:\/\/blogsaverroes.juntadeandalucia.es\/iesveladalhamar\/files\/2020\/03\/Moodle-2-1-24x13.png 24w, https:\/\/blogsaverroes.juntadeandalucia.es\/iesveladalhamar\/files\/2020\/03\/Moodle-2-1-36x19.png 36w, https:\/\/blogsaverroes.juntadeandalucia.es\/iesveladalhamar\/files\/2020\/03\/Moodle-2-1-48x26.png 48w, https:\/\/blogsaverroes.juntadeandalucia.es\/iesveladalhamar\/files\/2020\/03\/Moodle-2-1.png 870w\" sizes=\"(max-width: 300px) 100vw, 300px\" \/><\/a><\/p>\n<p>En un intervalo aproximado de 5 \u2013 30 minutos, dependiendo de la demanda, debe aparecer el curso creado con sus correspondientes alumnos.<\/p>\n<p>Cada docente, con su usuario, puede crear un curso asociado a las asignaturas a las que imparte clase.<\/p>\n<p>Por ejemplo si imparte clase de matem\u00e1ticas a 1\u00baA, 1\u00ba B y 2\u00ba A, se crear\u00edan solo dos cursos: un \u00fanico aula\/curso para 1\u00ba (A y B) y otro aula\/curso para 2\u00ba A.<br \/>\nDentro del aula\/curso de 1\u00ba (A y B) se tendr\u00edan que crear \u00abgrupos y agrupamientos\u00bb si se quiere personalizar las actividades para cada uno de los grupos 1\u00baA y 1\u00baB.<br \/>\nLos cursos se crean vac\u00edos de contenidos. Luego podremos modificar su configuraci\u00f3n y crear los contenidos o Restaurar una copia de seguridad.<\/p>\n<p>El alumnado queda enrolado (matriculado) autom\u00e1ticamente en los cursos Moodle correspondientes a las asignaturas en las que est\u00e1 matriculado en S\u00e9neca, una vez que estos son creados por el profesorado mediante el m\u00f3dulo Gesti\u00f3n de Aulas.<\/p>\n","protected":false},"excerpt":{"rendered":"<p>ENLACE A LA MODDLE DEL I.E.S. VELAD AL HAMAR. URL: https:\/\/educacionadistancia.juntadeandalucia.es\/centros\/almeria\/login\/index.php (Versi\u00f3n de Moodle: 3.6 Acceso: HTTPS) Creaci\u00f3n de Aulas\/Cursos Cada docente, con su usuario, puede crear un curso asociado a las asignaturas a las que imparte clase. Con el usuario Equipo Directivo\/Coordinaci\u00f3n TIC podemos crear todas las aulas disponibles para nuestro centro. Adem\u00e1s, con [&hellip;]<\/p>\n","protected":false},"author":6686,"featured_media":2428,"comment_status":"closed","ping_status":"closed","sticky":false,"template":"","format":"standard","meta":{"_et_pb_use_builder":"","_et_pb_old_content":"","_et_gb_content_width":"","ngg_post_thumbnail":0,"footnotes":""},"categories":[26636],"tags":[],"aioseo_notices":[],"_links":{"self":[{"href":"https:\/\/blogsaverroes.juntadeandalucia.es\/iesveladalhamar\/wp-json\/wp\/v2\/posts\/3171"}],"collection":[{"href":"https:\/\/blogsaverroes.juntadeandalucia.es\/iesveladalhamar\/wp-json\/wp\/v2\/posts"}],"about":[{"href":"https:\/\/blogsaverroes.juntadeandalucia.es\/iesveladalhamar\/wp-json\/wp\/v2\/types\/post"}],"author":[{"embeddable":true,"href":"https:\/\/blogsaverroes.juntadeandalucia.es\/iesveladalhamar\/wp-json\/wp\/v2\/users\/6686"}],"replies":[{"embeddable":true,"href":"https:\/\/blogsaverroes.juntadeandalucia.es\/iesveladalhamar\/wp-json\/wp\/v2\/comments?post=3171"}],"version-history":[{"count":5,"href":"https:\/\/blogsaverroes.juntadeandalucia.es\/iesveladalhamar\/wp-json\/wp\/v2\/posts\/3171\/revisions"}],"predecessor-version":[{"id":3208,"href":"https:\/\/blogsaverroes.juntadeandalucia.es\/iesveladalhamar\/wp-json\/wp\/v2\/posts\/3171\/revisions\/3208"}],"wp:featuredmedia":[{"embeddable":true,"href":"https:\/\/blogsaverroes.juntadeandalucia.es\/iesveladalhamar\/wp-json\/wp\/v2\/media\/2428"}],"wp:attachment":[{"href":"https:\/\/blogsaverroes.juntadeandalucia.es\/iesveladalhamar\/wp-json\/wp\/v2\/media?parent=3171"}],"wp:term":[{"taxonomy":"category","embeddable":true,"href":"https:\/\/blogsaverroes.juntadeandalucia.es\/iesveladalhamar\/wp-json\/wp\/v2\/categories?post=3171"},{"taxonomy":"post_tag","embeddable":true,"href":"https:\/\/blogsaverroes.juntadeandalucia.es\/iesveladalhamar\/wp-json\/wp\/v2\/tags?post=3171"}],"curies":[{"name":"wp","href":"https:\/\/api.w.org\/{rel}","templated":true}]}}