{"id":2880,"date":"2021-04-26T12:35:57","date_gmt":"2021-04-26T10:35:57","guid":{"rendered":"https:\/\/blogsaverroes.juntadeandalucia.es\/iesventuramoron\/?p=2880"},"modified":"2021-11-05T08:09:49","modified_gmt":"2021-11-05T07:09:49","slug":"convalidar-fol","status":"publish","type":"post","link":"https:\/\/blogsaverroes.juntadeandalucia.es\/iesventuramoron\/convalidar-fol\/","title":{"rendered":"Convalidar FOL"},"content":{"rendered":"<p>Los m\u00f3dulos de Formaci\u00f3n y&nbsp;Orientaci\u00f3n&nbsp;Laboral (<strong>FOL<\/strong>)&nbsp; y Empresa e Iniciativa Emprendedora (<strong>EINEM<\/strong>) est\u00e1n encaminados a familiarizar a los alumnos con el marco legal de sus futuras condiciones y relaciones de trabajo de su espec\u00edfico \u00e1mbito profesional y a dotarles de los recursos y de la orientaci\u00f3n necesaria para su empleabilidad, mediante la b\u00fasqueda de un puesto de trabajo, la creaci\u00f3n de su propia empresa y el autoempleo.<\/p>\n<p><!--more--><\/p>\n<p>Puedes convalidar el m\u00f3dulo de <strong>FOL<\/strong> si ya has cursado otro ciclo formativo (ya sea de grado medio o superior y de la misma o distinta familia profesional) y has aprobado dicho m\u00f3dulo. Para ello, deber\u00e1s tramitarlo en la secretar\u00eda del Centro al formalizar tu matr\u00edcula o durante las primeras semanas del curso.<\/p>\n<p>Observaciones:<\/p>\n<ul>\n<li>Si el ciclo formativo que has cursado anteriormente es LOE, lo podr\u00e1s realizar directamente con el certificado oficial de notas del mismo.<\/li>\n<li>Si el ciclo formativo anterior es LOGSE, junto con el certificado oficial de notas, deber\u00e1s acreditar que posees el nivel b\u00e1sico de Prevenci\u00f3n de Riesgos Profesionales expedido de acuerdo con el&nbsp;RD 39\/1997 de 17 de Enero.<\/li>\n<\/ul>\n<p>Para ello, deber\u00e1s realizar un curso b\u00e1sico de prevenci\u00f3n de riesgos laborales que te habilite y te certifique como t\u00e9cnico b\u00e1sico en prevenci\u00f3n de riesgos. Es importante que te asegures de que en el certificado del curso se hace alusi\u00f3n al RD 39\/1997 para que no haya ning\u00fan problema.<\/p>\n<p>Esto es as\u00ed porque FOL tiene ahora m\u00e1s horas y tiene contenidos de Prevenci\u00f3n que antes no ten\u00eda.<\/p>\n<p>Para convalidar el m\u00f3dulo de <strong>EINEM<\/strong> deber\u00e1s haber cursado antes otro ciclo formativo (ya sea de grado medio o superior y de la misma o distinta familia profesional). En este caso, solo se podr\u00e1 convalidar si el ciclo es LOE y bastar\u00e1 con que aportes el certificado oficial de notas del ciclo formativo que ya posees.<\/p>\n<p>Si tienes cualquier pregunta, no dudes en acudir a la secretar\u00eda del Centro o a l@s profesor@s encargadas de estos m\u00f3dulos para que te las solucionen \ud83d\ude09<\/p>\n<p>&nbsp;<\/p>\n","protected":false},"excerpt":{"rendered":"<p>Los m\u00f3dulos de Formaci\u00f3n y&nbsp;Orientaci\u00f3n&nbsp;Laboral (FOL)&nbsp; y Empresa e Iniciativa Emprendedora (EINEM) est\u00e1n encaminados a familiarizar a los alumnos con el marco legal de sus futuras condiciones y relaciones de trabajo de su espec\u00edfico \u00e1mbito profesional y a dotarles de los recursos y de la orientaci\u00f3n necesaria para su empleabilidad, mediante la b\u00fasqueda de un [&hellip;]<\/p>\n","protected":false},"author":11676,"featured_media":0,"comment_status":"closed","ping_status":"closed","sticky":false,"template":"","format":"standard","meta":{"ngg_post_thumbnail":0,"footnotes":""},"categories":[2351655,2351657,2351648],"tags":[2351668,2351670,2351669],"aioseo_notices":[],"_links":{"self":[{"href":"https:\/\/blogsaverroes.juntadeandalucia.es\/iesventuramoron\/wp-json\/wp\/v2\/posts\/2880"}],"collection":[{"href":"https:\/\/blogsaverroes.juntadeandalucia.es\/iesventuramoron\/wp-json\/wp\/v2\/posts"}],"about":[{"href":"https:\/\/blogsaverroes.juntadeandalucia.es\/iesventuramoron\/wp-json\/wp\/v2\/types\/post"}],"author":[{"embeddable":true,"href":"https:\/\/blogsaverroes.juntadeandalucia.es\/iesventuramoron\/wp-json\/wp\/v2\/users\/11676"}],"replies":[{"embeddable":true,"href":"https:\/\/blogsaverroes.juntadeandalucia.es\/iesventuramoron\/wp-json\/wp\/v2\/comments?post=2880"}],"version-history":[{"count":2,"href":"https:\/\/blogsaverroes.juntadeandalucia.es\/iesventuramoron\/wp-json\/wp\/v2\/posts\/2880\/revisions"}],"predecessor-version":[{"id":3007,"href":"https:\/\/blogsaverroes.juntadeandalucia.es\/iesventuramoron\/wp-json\/wp\/v2\/posts\/2880\/revisions\/3007"}],"wp:attachment":[{"href":"https:\/\/blogsaverroes.juntadeandalucia.es\/iesventuramoron\/wp-json\/wp\/v2\/media?parent=2880"}],"wp:term":[{"taxonomy":"category","embeddable":true,"href":"https:\/\/blogsaverroes.juntadeandalucia.es\/iesventuramoron\/wp-json\/wp\/v2\/categories?post=2880"},{"taxonomy":"post_tag","embeddable":true,"href":"https:\/\/blogsaverroes.juntadeandalucia.es\/iesventuramoron\/wp-json\/wp\/v2\/tags?post=2880"}],"curies":[{"name":"wp","href":"https:\/\/api.w.org\/{rel}","templated":true}]}}