{"id":3198,"date":"2022-04-08T09:13:27","date_gmt":"2022-04-08T07:13:27","guid":{"rendered":"https:\/\/blogsaverroes.juntadeandalucia.es\/iesventuramoron\/?p=3198"},"modified":"2022-04-08T09:13:27","modified_gmt":"2022-04-08T07:13:27","slug":"celebra-el-dia-del-libro-dandole-forma","status":"publish","type":"post","link":"https:\/\/blogsaverroes.juntadeandalucia.es\/iesventuramoron\/celebra-el-dia-del-libro-dandole-forma\/","title":{"rendered":"Celebra el D\u00eda del Libro d\u00e1ndole forma"},"content":{"rendered":"<p>El IES Ventura Mor\u00f3n te invita a darle forma a la Literatura participando en el concurso &#8216;Redise\u00f1a tu libro favorito&#8217;.<\/p>\n<p><!--more--><\/p>\n<p>\u00bfCu\u00e1l es tu libro favorito?, \u00bfest\u00e1s de acuerdo con su forma actual? Porque lo que te proponemos en este concurso es que pienses <b>c\u00f3mo ser\u00eda tu portada ideal si estuvieses a cargo de todas las decisiones<\/b> de dise\u00f1o, tipograf\u00eda, composici\u00f3n, paleta de colores, etc. \u00bfSer\u00eda impactante, sugeridora, ilustrada?, \u00bfincluye fotograf\u00edas, dibujos, mapas?, \u00bfcu\u00e1ntas dimensiones tendr\u00eda?, \u00bfser\u00eda en espa\u00f1ol, ingl\u00e9s o franc\u00e9s?<\/p>\n<p>Piensa que lo primero que ve un lector de cualquier libro es la portada. Muchas veces es la que ha influido en que decidas comprar o leer la obra. Somos muy visuales. En muchas ocasiones, <b>nuestros ojos dominan y controlan<\/b> nuestros deseos\u2026 as\u00ed que, tras varias d\u00e9cadas celebrando el D\u00eda del Libro, te invitamos a hacerlo esta vez d\u00e1ndole a la imaginaci\u00f3n y a las manos, <i>manipulando<\/i> la literatura.<\/p>\n<p>El reto parte de los departamentos Art\u00edstico, Biblioteca, Lengua castellana y Literatura, Ingl\u00e9s y Franc\u00e9s del IES Ventura Mor\u00f3n y su objetivo ya lo sabes: &#8216;Redise\u00f1a tu libro favorito&#8217;. Todos los alumnos del centro est\u00e1is invitados a participar en el certamen, que contar\u00e1 con <b>dos categor\u00edas<\/b>: una para primero, segundo y tercero de la ESO; y otra en la que competir\u00e1n cuarto, estudiantes de FPB y ciclos. El jurado estar\u00e1 formado por profesorado del IES.<\/p>\n<p><img loading=\"lazy\" decoding=\"async\" class=\"size-medium wp-image-3201 alignleft\" src=\"https:\/\/blogsaverroes.juntadeandalucia.es\/iesventuramoron\/files\/2022\/04\/book-gce7a3e9aa_1280-300x150.jpg\" alt=\"\" width=\"300\" height=\"150\" srcset=\"https:\/\/blogsaverroes.juntadeandalucia.es\/iesventuramoron\/files\/2022\/04\/book-gce7a3e9aa_1280-300x150.jpg 300w, https:\/\/blogsaverroes.juntadeandalucia.es\/iesventuramoron\/files\/2022\/04\/book-gce7a3e9aa_1280-1024x512.jpg 1024w, https:\/\/blogsaverroes.juntadeandalucia.es\/iesventuramoron\/files\/2022\/04\/book-gce7a3e9aa_1280-768x384.jpg 768w, https:\/\/blogsaverroes.juntadeandalucia.es\/iesventuramoron\/files\/2022\/04\/book-gce7a3e9aa_1280.jpg 1280w\" sizes=\"(max-width: 300px) 100vw, 300px\" \/><\/p>\n<p>La entrega de trabajos se podr\u00e1 realizar, <strong>hasta el viernes 22 de abril<\/strong>, al profesorado de dichos departamentos. El fallo del certamen se conocer\u00e1 el lunes 25 de abril. El formato de los trabajos es libre, as\u00ed como su t\u00e9cnica y composici\u00f3n.<\/p>\n<h3><b>\u00bfPor qu\u00e9 esta fiesta?<\/b><\/h3>\n<p>La celebraci\u00f3n del D\u00eda del Libro se remonta a principios del siglo XX. La historia del libro se hace festiva y surgen actividades literarias en toda Espa\u00f1a, pero su <a href=\"https:\/\/www.diadellibro.eu\/origenes-dia-del-libro.html\">origen<\/a> se remonta a 1926. El 23 de abril de 1616 fallec\u00edan Cervantes, Shakespeare e Inca Garcilaso de la Vega. Tambi\u00e9n en un 23 de abril nacieron (o murieron) otros escritores eminentes como Maurice Druon, K. Laxness, Vladimir Nabokov, Josep Pla o Manuel Mej\u00eda Vallejo.&nbsp;<\/p>\n<p>Por este motivo, esta fecha tan simb\u00f3lica para la literatura universal fue la escogida por la Conferencia General de la Unesco para rendir un homenaje mundial al libro y sus autores, y alentar a todos, en particular a los m\u00e1s j\u00f3venes, a descubrir el placer de la lectura y respetar la irreemplazable <b>contribuci\u00f3n de los creadores al progreso social y cultural<\/b>.<\/p>\n<p>La primera iniciativa al respecto parti\u00f3 de Catalu\u00f1a, del escritor valenciano <a href=\"https:\/\/www.diadellibro.eu\/vicente-clavel.html\">Vicente Clavel Andr\u00e9s<\/a>, proponi\u00e9ndola a la C\u00e1mara Oficial del Libro de Barcelona en 1923 y aprobada por el rey Alfonso XIII de Espa\u00f1a en 1926. El 7 de octubre de 1926 fue el primer D\u00eda del Libro. Poco despu\u00e9s, en 1930, se instaura definitivamente la fecha del <b>23 de abril<\/b> como D\u00eda del Libro, donde este d\u00eda coincide con <a href=\"https:\/\/www.diadellibro.eu\/sant-jordi\/\">Sant Jordi &#8211; San Jorge<\/a>, patr\u00f3n de Alemania, Arag\u00f3n, Bulgaria, Catalu\u00f1a, Etiop\u00eda, Georgia, Grecia, Inglaterra, L\u00edbano, Lituania, Pa\u00edses Bajos, Portugal, Eslovenia y M\u00e9xico. Es tradicional regalar una rosa al concluir una lectura, evento o preg\u00f3n y que los <b>enamorados y personas queridas se intercambien una rosa y un libro<\/b>.<\/p>\n<p><img loading=\"lazy\" decoding=\"async\" class=\"size-medium wp-image-3202 alignright\" src=\"https:\/\/blogsaverroes.juntadeandalucia.es\/iesventuramoron\/files\/2022\/04\/love-story-g07968dbda_1920-300x225.jpg\" alt=\"\" width=\"300\" height=\"225\" srcset=\"https:\/\/blogsaverroes.juntadeandalucia.es\/iesventuramoron\/files\/2022\/04\/love-story-g07968dbda_1920-300x225.jpg 300w, https:\/\/blogsaverroes.juntadeandalucia.es\/iesventuramoron\/files\/2022\/04\/love-story-g07968dbda_1920-1024x768.jpg 1024w, https:\/\/blogsaverroes.juntadeandalucia.es\/iesventuramoron\/files\/2022\/04\/love-story-g07968dbda_1920-768x576.jpg 768w, https:\/\/blogsaverroes.juntadeandalucia.es\/iesventuramoron\/files\/2022\/04\/love-story-g07968dbda_1920-1536x1152.jpg 1536w, https:\/\/blogsaverroes.juntadeandalucia.es\/iesventuramoron\/files\/2022\/04\/love-story-g07968dbda_1920.jpg 1600w\" sizes=\"(max-width: 300px) 100vw, 300px\" \/><\/p>\n<p>En 1995 el D\u00eda del Libro se convierte en una fiesta mundial. El D\u00eda del Libro fue propuesto por la Uni\u00f3n Internacional de Editores (UTE), y presentada por el gobierno espa\u00f1ol a la Organizaci\u00f3n de las Naciones Unidas para la Educaci\u00f3n, la Ciencia y la Cultura (UNESCO). En 1995, se aprob\u00f3 proclamar el 23 de abril de cada a\u00f1o el <b>D\u00eda Mundial del Libro y del Derecho de Autor<\/b>.<\/p>\n<p>Existen <b>miles de lugares de inter\u00e9s<\/b> en m\u00e1s de cien pa\u00edses para celebrar el D\u00eda Internacional del Libro y los Derechos de Autor. Por ejemplo, en Madrid realizan m\u00e1s de 600 actos el 23 de abril, pre\u00e1mbulo de la Feria del Libro. Ciudad de M\u00e9xico, Caracas, Bogot\u00e1, Santiago, Valencia, La Victoria, Buenos Aires, Maracaibo, Barquisimeto, Quito, Managua, Maracay, New York, Los \u00c1ngeles, Medell\u00edn, Ciudad de Guatemala, Valpara\u00edso, muchas ciudades europeas, americanas, asi\u00e1ticas, africanas\u2026 incluso en Vietnam se celebra a escala nacional&#8230; No tienes, por tanto, excusa, en miles de localidades m\u00e1s de todo el mundo encontrar\u00e1s actos del D\u00eda del Libro para disfrutar de la fiesta mundial.<\/p>\n<p style=\"text-align: center\">\u00a1<b>Inf\u00f3rmate en tu localidad!<\/b><\/p>\n<p>&nbsp;<\/p>\n<p>Im\u00e1genes: Pixabay. Licencia CC2.0.<\/p>\n","protected":false},"excerpt":{"rendered":"<p>El IES Ventura Mor\u00f3n te invita a darle forma a la Literatura participando en el concurso &#8216;Redise\u00f1a tu libro favorito&#8217;.<\/p>\n","protected":false},"author":13443,"featured_media":3200,"comment_status":"closed","ping_status":"closed","sticky":false,"template":"","format":"standard","meta":{"ngg_post_thumbnail":0,"footnotes":""},"categories":[5991,2351652,2351656,1338825,2351684,213,26636,25502,25504,25505],"tags":[2351688,2351694],"aioseo_notices":[],"_links":{"self":[{"href":"https:\/\/blogsaverroes.juntadeandalucia.es\/iesventuramoron\/wp-json\/wp\/v2\/posts\/3198"}],"collection":[{"href":"https:\/\/blogsaverroes.juntadeandalucia.es\/iesventuramoron\/wp-json\/wp\/v2\/posts"}],"about":[{"href":"https:\/\/blogsaverroes.juntadeandalucia.es\/iesventuramoron\/wp-json\/wp\/v2\/types\/post"}],"author":[{"embeddable":true,"href":"https:\/\/blogsaverroes.juntadeandalucia.es\/iesventuramoron\/wp-json\/wp\/v2\/users\/13443"}],"replies":[{"embeddable":true,"href":"https:\/\/blogsaverroes.juntadeandalucia.es\/iesventuramoron\/wp-json\/wp\/v2\/comments?post=3198"}],"version-history":[{"count":2,"href":"https:\/\/blogsaverroes.juntadeandalucia.es\/iesventuramoron\/wp-json\/wp\/v2\/posts\/3198\/revisions"}],"predecessor-version":[{"id":3203,"href":"https:\/\/blogsaverroes.juntadeandalucia.es\/iesventuramoron\/wp-json\/wp\/v2\/posts\/3198\/revisions\/3203"}],"wp:featuredmedia":[{"embeddable":true,"href":"https:\/\/blogsaverroes.juntadeandalucia.es\/iesventuramoron\/wp-json\/wp\/v2\/media\/3200"}],"wp:attachment":[{"href":"https:\/\/blogsaverroes.juntadeandalucia.es\/iesventuramoron\/wp-json\/wp\/v2\/media?parent=3198"}],"wp:term":[{"taxonomy":"category","embeddable":true,"href":"https:\/\/blogsaverroes.juntadeandalucia.es\/iesventuramoron\/wp-json\/wp\/v2\/categories?post=3198"},{"taxonomy":"post_tag","embeddable":true,"href":"https:\/\/blogsaverroes.juntadeandalucia.es\/iesventuramoron\/wp-json\/wp\/v2\/tags?post=3198"}],"curies":[{"name":"wp","href":"https:\/\/api.w.org\/{rel}","templated":true}]}}