{"id":3386,"date":"2022-10-28T11:59:05","date_gmt":"2022-10-28T09:59:05","guid":{"rendered":"https:\/\/blogsaverroes.juntadeandalucia.es\/iesventuramoron\/?p=3386"},"modified":"2022-10-28T11:59:05","modified_gmt":"2022-10-28T09:59:05","slug":"cartografia-de-letras-femeninas","status":"publish","type":"post","link":"https:\/\/blogsaverroes.juntadeandalucia.es\/iesventuramoron\/cartografia-de-letras-femeninas\/","title":{"rendered":"Cartograf\u00eda de letras femeninas"},"content":{"rendered":"<p>El legado de las mujeres en \u00e1mbitos como la literatura, el arte, la filosof\u00eda o la ciencia contin\u00faa siendo una especie de pompa transparente que s\u00f3lo, de vez en cuando, con ocasi\u00f3n de alg\u00fan aniversario, premio o fallecimiento estalla y se hace visible. Con motivo del D\u00eda de las Escritoras, el IES Ventura Mor\u00f3n las ha sacado de este<em> limbo<\/em> situ\u00e1ndolas en el mapa.<\/p>\n<p><!--more-->La celebraci\u00f3n del <strong>D\u00eda de las Escritoras<\/strong>, el 18 de octubre, lo instaur\u00f3 la Biblioteca Nacional de Espa\u00f1a en colaboraci\u00f3n con la Federaci\u00f3n Espa\u00f1ola de Mujeres Directivas, Ejecutivas, Profesionales y Empresarias y la Asociaci\u00f3n Cl\u00e1sicas y Modernas, para reivindicar la labor y el legado de las escritoras a lo largo de la historia. La iniciativa naci\u00f3 en 2016 y se celebra el primer lunes siguiente a la festividad de la escritora Teresa de Jes\u00fas.<\/p>\n<p><img loading=\"lazy\" decoding=\"async\" class=\"size-medium wp-image-3405 alignleft\" src=\"https:\/\/blogsaverroes.juntadeandalucia.es\/iesventuramoron\/files\/2022\/10\/Dedo-300x225.jpg\" alt=\"\" width=\"300\" height=\"225\" srcset=\"https:\/\/blogsaverroes.juntadeandalucia.es\/iesventuramoron\/files\/2022\/10\/Dedo-300x225.jpg 300w, https:\/\/blogsaverroes.juntadeandalucia.es\/iesventuramoron\/files\/2022\/10\/Dedo-1024x768.jpg 1024w, https:\/\/blogsaverroes.juntadeandalucia.es\/iesventuramoron\/files\/2022\/10\/Dedo-768x576.jpg 768w, https:\/\/blogsaverroes.juntadeandalucia.es\/iesventuramoron\/files\/2022\/10\/Dedo-1536x1152.jpg 1536w, https:\/\/blogsaverroes.juntadeandalucia.es\/iesventuramoron\/files\/2022\/10\/Dedo-2048x1536.jpg 2048w, https:\/\/blogsaverroes.juntadeandalucia.es\/iesventuramoron\/files\/2022\/10\/Dedo-scaled.jpg 1600w\" sizes=\"(max-width: 300px) 100vw, 300px\" \/><\/p>\n<p><img loading=\"lazy\" decoding=\"async\" class=\"size-medium wp-image-3404 alignright\" src=\"https:\/\/blogsaverroes.juntadeandalucia.es\/iesventuramoron\/files\/2022\/10\/Lectura-225x300.jpg\" alt=\"\" width=\"225\" height=\"300\" srcset=\"https:\/\/blogsaverroes.juntadeandalucia.es\/iesventuramoron\/files\/2022\/10\/Lectura-225x300.jpg 225w, https:\/\/blogsaverroes.juntadeandalucia.es\/iesventuramoron\/files\/2022\/10\/Lectura-768x1024.jpg 768w, https:\/\/blogsaverroes.juntadeandalucia.es\/iesventuramoron\/files\/2022\/10\/Lectura-1152x1536.jpg 1152w, https:\/\/blogsaverroes.juntadeandalucia.es\/iesventuramoron\/files\/2022\/10\/Lectura-1536x2048.jpg 1536w, https:\/\/blogsaverroes.juntadeandalucia.es\/iesventuramoron\/files\/2022\/10\/Lectura-scaled.jpg 1200w\" sizes=\"(max-width: 225px) 100vw, 225px\" \/><\/p>\n<p>De la necesidad de visibilizar la tarea de estas mujeres dan prueba los datos: s\u00f3lo un 7,6 % de las referencias a personajes c\u00e9lebres de los diferentes saberes (literatura, pintura, f\u00edsica&#8230;) en los libros de texto espa\u00f1oles aluden a mujeres, seg\u00fan el estudio realizado por Ana L\u00f3pez Navaja, profesora de la Universidad de Valencia, que refleja una forma m\u00e1s de<strong class=\"mce\">&nbsp;invisibilizar a la mujer<\/strong> al tomar s\u00f3lo referentes universales masculinos.<\/p>\n<p>Con la intenci\u00f3n de contribuir a minimizar esta importante carencia, los departamentos de Biblioteca, Geograf\u00eda e Historia, Lengua castellana y Literatura, Art\u00edstico y Lenguas extranjeras de nuestro centro han decidido celebrar el D\u00eda de las Escritoras con un proyecto interdisciplinar: la elaboraci\u00f3n de&nbsp; mapas en los que situar a buena parte de las mujeres que conforman el<strong> patrimonio de la literatura en castellano<\/strong>. Por eso, adem\u00e1s de mujeres andaluzas y espa\u00f1olas, tenemos tambi\u00e9n una buena representaci\u00f3n de poetas, dramaturgas y novelistas hispanoamericanas.<\/p>\n<p>&nbsp;<\/p>\n<p>Os dejamos una muestra del trabajo realizado.<\/p>\n<p><img loading=\"lazy\" decoding=\"async\" class=\"wp-image-3411 size-medium aligncenter\" src=\"https:\/\/blogsaverroes.juntadeandalucia.es\/iesventuramoron\/files\/2022\/10\/AlumnosMaria-300x225.jpg\" alt=\"\" width=\"300\" height=\"225\" srcset=\"https:\/\/blogsaverroes.juntadeandalucia.es\/iesventuramoron\/files\/2022\/10\/AlumnosMaria-300x225.jpg 300w, https:\/\/blogsaverroes.juntadeandalucia.es\/iesventuramoron\/files\/2022\/10\/AlumnosMaria-1024x768.jpg 1024w, https:\/\/blogsaverroes.juntadeandalucia.es\/iesventuramoron\/files\/2022\/10\/AlumnosMaria-768x576.jpg 768w, https:\/\/blogsaverroes.juntadeandalucia.es\/iesventuramoron\/files\/2022\/10\/AlumnosMaria-1536x1152.jpg 1536w, https:\/\/blogsaverroes.juntadeandalucia.es\/iesventuramoron\/files\/2022\/10\/AlumnosMaria-2048x1536.jpg 2048w, https:\/\/blogsaverroes.juntadeandalucia.es\/iesventuramoron\/files\/2022\/10\/AlumnosMaria-scaled.jpg 1600w\" sizes=\"(max-width: 300px) 100vw, 300px\" \/><\/p>\n<p><img loading=\"lazy\" decoding=\"async\" class=\"alignnone size-medium wp-image-3406\" src=\"https:\/\/blogsaverroes.juntadeandalucia.es\/iesventuramoron\/files\/2022\/10\/Espana-300x225.jpg\" alt=\"\" width=\"300\" height=\"225\" srcset=\"https:\/\/blogsaverroes.juntadeandalucia.es\/iesventuramoron\/files\/2022\/10\/Espana-300x225.jpg 300w, https:\/\/blogsaverroes.juntadeandalucia.es\/iesventuramoron\/files\/2022\/10\/Espana-1024x768.jpg 1024w, https:\/\/blogsaverroes.juntadeandalucia.es\/iesventuramoron\/files\/2022\/10\/Espana-768x576.jpg 768w, https:\/\/blogsaverroes.juntadeandalucia.es\/iesventuramoron\/files\/2022\/10\/Espana-1536x1152.jpg 1536w, https:\/\/blogsaverroes.juntadeandalucia.es\/iesventuramoron\/files\/2022\/10\/Espana-2048x1536.jpg 2048w, https:\/\/blogsaverroes.juntadeandalucia.es\/iesventuramoron\/files\/2022\/10\/Espana-scaled.jpg 1600w\" sizes=\"(max-width: 300px) 100vw, 300px\" \/> &nbsp;&nbsp;&nbsp;&nbsp; <img loading=\"lazy\" decoding=\"async\" class=\"alignnone size-medium wp-image-3407\" src=\"https:\/\/blogsaverroes.juntadeandalucia.es\/iesventuramoron\/files\/2022\/10\/Francia-300x225.jpg\" alt=\"\" width=\"300\" height=\"225\" srcset=\"https:\/\/blogsaverroes.juntadeandalucia.es\/iesventuramoron\/files\/2022\/10\/Francia-300x225.jpg 300w, https:\/\/blogsaverroes.juntadeandalucia.es\/iesventuramoron\/files\/2022\/10\/Francia-1024x768.jpg 1024w, https:\/\/blogsaverroes.juntadeandalucia.es\/iesventuramoron\/files\/2022\/10\/Francia-768x576.jpg 768w, https:\/\/blogsaverroes.juntadeandalucia.es\/iesventuramoron\/files\/2022\/10\/Francia-1536x1152.jpg 1536w, https:\/\/blogsaverroes.juntadeandalucia.es\/iesventuramoron\/files\/2022\/10\/Francia-2048x1536.jpg 2048w, https:\/\/blogsaverroes.juntadeandalucia.es\/iesventuramoron\/files\/2022\/10\/Francia-scaled.jpg 1600w\" sizes=\"(max-width: 300px) 100vw, 300px\" \/> &nbsp; <img loading=\"lazy\" decoding=\"async\" class=\"alignnone size-medium wp-image-3408\" src=\"https:\/\/blogsaverroes.juntadeandalucia.es\/iesventuramoron\/files\/2022\/10\/America-300x225.jpg\" alt=\"\" width=\"300\" height=\"225\" srcset=\"https:\/\/blogsaverroes.juntadeandalucia.es\/iesventuramoron\/files\/2022\/10\/America-300x225.jpg 300w, https:\/\/blogsaverroes.juntadeandalucia.es\/iesventuramoron\/files\/2022\/10\/America-1024x768.jpg 1024w, https:\/\/blogsaverroes.juntadeandalucia.es\/iesventuramoron\/files\/2022\/10\/America-768x576.jpg 768w, https:\/\/blogsaverroes.juntadeandalucia.es\/iesventuramoron\/files\/2022\/10\/America-1536x1152.jpg 1536w, https:\/\/blogsaverroes.juntadeandalucia.es\/iesventuramoron\/files\/2022\/10\/America-2048x1536.jpg 2048w, https:\/\/blogsaverroes.juntadeandalucia.es\/iesventuramoron\/files\/2022\/10\/America-scaled.jpg 1600w\" sizes=\"(max-width: 300px) 100vw, 300px\" \/>&nbsp;<\/p>\n<p><img loading=\"lazy\" decoding=\"async\" class=\"alignnone size-full wp-image-3409\" src=\"https:\/\/blogsaverroes.juntadeandalucia.es\/iesventuramoron\/files\/2022\/10\/General-1-scaled.jpg\" alt=\"\" width=\"1600\" height=\"1200\" srcset=\"https:\/\/blogsaverroes.juntadeandalucia.es\/iesventuramoron\/files\/2022\/10\/General-1-scaled.jpg 1600w, https:\/\/blogsaverroes.juntadeandalucia.es\/iesventuramoron\/files\/2022\/10\/General-1-300x225.jpg 300w, https:\/\/blogsaverroes.juntadeandalucia.es\/iesventuramoron\/files\/2022\/10\/General-1-1024x768.jpg 1024w, https:\/\/blogsaverroes.juntadeandalucia.es\/iesventuramoron\/files\/2022\/10\/General-1-768x576.jpg 768w, https:\/\/blogsaverroes.juntadeandalucia.es\/iesventuramoron\/files\/2022\/10\/General-1-1536x1152.jpg 1536w, https:\/\/blogsaverroes.juntadeandalucia.es\/iesventuramoron\/files\/2022\/10\/General-1-2048x1536.jpg 2048w\" sizes=\"(max-width: 1600px) 100vw, 1600px\" \/><\/p>\n<p class=\"mce\">&nbsp;<\/p>\n","protected":false},"excerpt":{"rendered":"<p>El legado de las mujeres en \u00e1mbitos como la literatura, el arte, la filosof\u00eda o la ciencia contin\u00faa siendo una especie de pompa transparente que s\u00f3lo, de vez en cuando, con ocasi\u00f3n de alg\u00fan aniversario, premio o fallecimiento estalla y se hace visible. Con motivo del D\u00eda de las Escritoras, el IES Ventura Mor\u00f3n las [&hellip;]<\/p>\n","protected":false},"author":13443,"featured_media":3403,"comment_status":"closed","ping_status":"closed","sticky":false,"template":"","format":"standard","meta":{"ngg_post_thumbnail":0,"footnotes":""},"categories":[2351652,2351684,213,768,25503,25505],"tags":[2351675,2351676],"aioseo_notices":[],"_links":{"self":[{"href":"https:\/\/blogsaverroes.juntadeandalucia.es\/iesventuramoron\/wp-json\/wp\/v2\/posts\/3386"}],"collection":[{"href":"https:\/\/blogsaverroes.juntadeandalucia.es\/iesventuramoron\/wp-json\/wp\/v2\/posts"}],"about":[{"href":"https:\/\/blogsaverroes.juntadeandalucia.es\/iesventuramoron\/wp-json\/wp\/v2\/types\/post"}],"author":[{"embeddable":true,"href":"https:\/\/blogsaverroes.juntadeandalucia.es\/iesventuramoron\/wp-json\/wp\/v2\/users\/13443"}],"replies":[{"embeddable":true,"href":"https:\/\/blogsaverroes.juntadeandalucia.es\/iesventuramoron\/wp-json\/wp\/v2\/comments?post=3386"}],"version-history":[{"count":3,"href":"https:\/\/blogsaverroes.juntadeandalucia.es\/iesventuramoron\/wp-json\/wp\/v2\/posts\/3386\/revisions"}],"predecessor-version":[{"id":3412,"href":"https:\/\/blogsaverroes.juntadeandalucia.es\/iesventuramoron\/wp-json\/wp\/v2\/posts\/3386\/revisions\/3412"}],"wp:featuredmedia":[{"embeddable":true,"href":"https:\/\/blogsaverroes.juntadeandalucia.es\/iesventuramoron\/wp-json\/wp\/v2\/media\/3403"}],"wp:attachment":[{"href":"https:\/\/blogsaverroes.juntadeandalucia.es\/iesventuramoron\/wp-json\/wp\/v2\/media?parent=3386"}],"wp:term":[{"taxonomy":"category","embeddable":true,"href":"https:\/\/blogsaverroes.juntadeandalucia.es\/iesventuramoron\/wp-json\/wp\/v2\/categories?post=3386"},{"taxonomy":"post_tag","embeddable":true,"href":"https:\/\/blogsaverroes.juntadeandalucia.es\/iesventuramoron\/wp-json\/wp\/v2\/tags?post=3386"}],"curies":[{"name":"wp","href":"https:\/\/api.w.org\/{rel}","templated":true}]}}