{"id":3580,"date":"2022-12-16T12:05:31","date_gmt":"2022-12-16T11:05:31","guid":{"rendered":"https:\/\/blogsaverroes.juntadeandalucia.es\/iesventuramoron\/?p=3580"},"modified":"2022-12-16T12:17:16","modified_gmt":"2022-12-16T11:17:16","slug":"el-ies-ventura-moron-un-centro-abierto","status":"publish","type":"post","link":"https:\/\/blogsaverroes.juntadeandalucia.es\/iesventuramoron\/el-ies-ventura-moron-un-centro-abierto\/","title":{"rendered":"El IES Ventura Mor\u00f3n, un centro abierto"},"content":{"rendered":"<p>El centro organiza una jornada de convivencia con las familias de los alumnos de primero de la ESO para reforzar los lazos de la comunidad<\/p>\n<p><!--more--><\/p>\n<p>La convivencia escolar es uno de los aspectos fundamentales dentro de los principios de actuaci\u00f3n del IES Ventura Mor\u00f3n de Algeciras, donde se concibe como el<strong> motor principal del proceso de socializaci\u00f3n de los alumnos<\/strong>. Se trata de un proyecto basado en valores como la empat\u00eda, el afecto, el respeto, la igualdad y la tolerancia.<\/p>\n<p><span id=\"page3R_mcid61\" class=\"markedContent\"><span dir=\"ltr\" role=\"presentation\">Aprender a convivir, sin violencia, respetando a todas las personas, independientemente de c\u00f3mo sean, es un objetivo b\u00e1sico de la educaci\u00f3n, del sistema educativo y de la sociedad en su conjunto. \u00bfY c\u00f3mo lo fomentamos concretamente en nuestro centro?<\/span><\/span><\/p>\n<p><span id=\"page3R_mcid61\" class=\"markedContent\"><span dir=\"ltr\" role=\"presentation\">Partimos de la base de que esta tarea no puede ni debe realizarse de forma aislada. <\/span><span dir=\"ltr\" role=\"presentation\">Evitar la violencia e impulsar <\/span><span dir=\"ltr\" role=\"presentation\">la convivencia requiere el respaldo y la colaboraci\u00f3n de la familia, un pilar b\u00e1sico en todo el proceso de ense\u00f1anza-aprendizaje de los estudiantes. Por ello, <\/span><\/span>el departamento de Orientaci\u00f3n y la Jefatura del instituto han celebrado, con la ayuda de una mediadora intercultural de la Fundaci\u00f3n <strong>M\u00e1rgenes y V\u00ednculos<\/strong>, un <strong>encuentro con las familias<\/strong> de primero de la ESO.<\/p>\n<p><img loading=\"lazy\" decoding=\"async\" class=\"size-medium wp-image-3581 alignright\" src=\"https:\/\/blogsaverroes.juntadeandalucia.es\/iesventuramoron\/files\/2022\/12\/IMG-20221213-WA0012-300x225.jpg\" alt=\"\" width=\"300\" height=\"225\" srcset=\"https:\/\/blogsaverroes.juntadeandalucia.es\/iesventuramoron\/files\/2022\/12\/IMG-20221213-WA0012-300x225.jpg 300w, https:\/\/blogsaverroes.juntadeandalucia.es\/iesventuramoron\/files\/2022\/12\/IMG-20221213-WA0012-1024x768.jpg 1024w, https:\/\/blogsaverroes.juntadeandalucia.es\/iesventuramoron\/files\/2022\/12\/IMG-20221213-WA0012-768x576.jpg 768w, https:\/\/blogsaverroes.juntadeandalucia.es\/iesventuramoron\/files\/2022\/12\/IMG-20221213-WA0012-1536x1152.jpg 1536w, https:\/\/blogsaverroes.juntadeandalucia.es\/iesventuramoron\/files\/2022\/12\/IMG-20221213-WA0012.jpg 1600w\" sizes=\"(max-width: 300px) 100vw, 300px\" \/><\/p>\n<p>De este modo, la iniciativa ha redundado en otros aspectos relacionados con la convivencia, como el facilitar el tr\u00e1nsito desde el colegio hasta el instituto. Un cambio de etapa y ciclo vital que no s\u00f3lo afecta a los menores sino tambi\u00e9n a sus progenitores.<\/p>\n<p>En una distendida merienda facilitada por el centro, los padres han tenido as\u00ed la ocasi\u00f3n de conocer de primera mano las instalaciones del instituto y resolver dudas sobre diversos aspectos sobre el funcionamiento y normativa interna del mismo&#8230; adem\u00e1s de <strong>ponerse en contacto con familias de otros menores<\/strong> en la misma situaci\u00f3n que sus hijos y que, previsiblemente, ser\u00e1n los compa\u00f1eros con los que compartir\u00e1n los pr\u00f3ximos a\u00f1os de formaci\u00f3n.<\/p>\n<p>El Ventura Mor\u00f3n da as\u00ed un paso m\u00e1s en su proyecci\u00f3n al conjunto de la comunidad educativa. Mantengamos abiertos todos los cauces de comunicaci\u00f3n, experiencias como la anterior las mantendremos con las familias de estudiantes de otros niveles a lo largo del curso. Bienvenidos.<\/p>\n<p><img loading=\"lazy\" decoding=\"async\" class=\"size-medium wp-image-3585 aligncenter\" src=\"https:\/\/blogsaverroes.juntadeandalucia.es\/iesventuramoron\/files\/2022\/12\/Fam2-300x225.jpg\" alt=\"\" width=\"300\" height=\"225\" srcset=\"https:\/\/blogsaverroes.juntadeandalucia.es\/iesventuramoron\/files\/2022\/12\/Fam2-300x225.jpg 300w, https:\/\/blogsaverroes.juntadeandalucia.es\/iesventuramoron\/files\/2022\/12\/Fam2-1024x768.jpg 1024w, https:\/\/blogsaverroes.juntadeandalucia.es\/iesventuramoron\/files\/2022\/12\/Fam2-768x576.jpg 768w, https:\/\/blogsaverroes.juntadeandalucia.es\/iesventuramoron\/files\/2022\/12\/Fam2-1536x1152.jpg 1536w, https:\/\/blogsaverroes.juntadeandalucia.es\/iesventuramoron\/files\/2022\/12\/Fam2.jpg 1600w\" sizes=\"(max-width: 300px) 100vw, 300px\" \/><\/p>\n<p>Imagen de portada: Pixabay\/Anemone123.<\/p>\n<p>&nbsp;<\/p>\n","protected":false},"excerpt":{"rendered":"<p>El centro organiza una jornada de convivencia con las familias de los alumnos de primero de la ESO para reforzar los lazos de la comunidad<\/p>\n","protected":false},"author":13443,"featured_media":3586,"comment_status":"closed","ping_status":"closed","sticky":false,"template":"","format":"standard","meta":{"ngg_post_thumbnail":0,"footnotes":""},"categories":[5991,26636,768,4956,25510],"tags":[2351698,2351701,2351677],"aioseo_notices":[],"_links":{"self":[{"href":"https:\/\/blogsaverroes.juntadeandalucia.es\/iesventuramoron\/wp-json\/wp\/v2\/posts\/3580"}],"collection":[{"href":"https:\/\/blogsaverroes.juntadeandalucia.es\/iesventuramoron\/wp-json\/wp\/v2\/posts"}],"about":[{"href":"https:\/\/blogsaverroes.juntadeandalucia.es\/iesventuramoron\/wp-json\/wp\/v2\/types\/post"}],"author":[{"embeddable":true,"href":"https:\/\/blogsaverroes.juntadeandalucia.es\/iesventuramoron\/wp-json\/wp\/v2\/users\/13443"}],"replies":[{"embeddable":true,"href":"https:\/\/blogsaverroes.juntadeandalucia.es\/iesventuramoron\/wp-json\/wp\/v2\/comments?post=3580"}],"version-history":[{"count":6,"href":"https:\/\/blogsaverroes.juntadeandalucia.es\/iesventuramoron\/wp-json\/wp\/v2\/posts\/3580\/revisions"}],"predecessor-version":[{"id":3590,"href":"https:\/\/blogsaverroes.juntadeandalucia.es\/iesventuramoron\/wp-json\/wp\/v2\/posts\/3580\/revisions\/3590"}],"wp:featuredmedia":[{"embeddable":true,"href":"https:\/\/blogsaverroes.juntadeandalucia.es\/iesventuramoron\/wp-json\/wp\/v2\/media\/3586"}],"wp:attachment":[{"href":"https:\/\/blogsaverroes.juntadeandalucia.es\/iesventuramoron\/wp-json\/wp\/v2\/media?parent=3580"}],"wp:term":[{"taxonomy":"category","embeddable":true,"href":"https:\/\/blogsaverroes.juntadeandalucia.es\/iesventuramoron\/wp-json\/wp\/v2\/categories?post=3580"},{"taxonomy":"post_tag","embeddable":true,"href":"https:\/\/blogsaverroes.juntadeandalucia.es\/iesventuramoron\/wp-json\/wp\/v2\/tags?post=3580"}],"curies":[{"name":"wp","href":"https:\/\/api.w.org\/{rel}","templated":true}]}}