{"id":3505,"date":"2018-11-13T14:15:44","date_gmt":"2018-11-13T14:15:44","guid":{"rendered":"https:\/\/blogsaverroes.juntadeandalucia.es\/iesvillanuevamar\/?p=3505"},"modified":"2018-11-14T22:17:51","modified_gmt":"2018-11-14T22:17:51","slug":"comienza-el-proa-programa-de-refuerzo-orientacion-y-apoyo","status":"publish","type":"post","link":"https:\/\/blogsaverroes.juntadeandalucia.es\/iesvillanuevamar\/2018\/11\/13\/comienza-el-proa-programa-de-refuerzo-orientacion-y-apoyo\/","title":{"rendered":"Comienza el PROA (Programa de refuerzo, orientaci\u00f3n y apoyo)"},"content":{"rendered":"<p>Desde hoy martes y hasta fin de mayo comienza una nueva edici\u00f3n del PROA.<\/p>\n<div>Ser\u00e1 los <b>martes y jueves de 16 a 18 horas<\/b>. Estar\u00e1 vigente hasta el 31 de mayo.&nbsp;<\/div>\n<div>Con esta medida se apuesta por la equidad en la educaci\u00f3n y por la provisi\u00f3n de apoyos para el alumnado que presenta mayores dificultades de aprendizaje. Es completamente gratuito.<\/div>\n<div>La selecci\u00f3n del alumnado la hace el equipo educativo, pero si existiera alguna persona interesada puede contactar con Jefatura de Estudios para hacer la petici\u00f3n.<\/div>\n<div><b><span style=\"color: #ff0000\">\u00a1Plazas limitadas!<\/span><\/b><\/div>\n","protected":false},"excerpt":{"rendered":"<p>Desde hoy martes y hasta fin de mayo comienza una nueva edici\u00f3n del PROA. Ser\u00e1 los martes y jueves de 16 a 18 horas. Estar\u00e1 vigente hasta el 31 de mayo.&nbsp;&#46;&#46;&#46;<\/p>\n","protected":false},"author":3520,"featured_media":1617,"comment_status":"open","ping_status":"open","sticky":false,"template":"","format":"standard","meta":{"ngg_post_thumbnail":0,"footnotes":""},"categories":[5991,526],"tags":[],"aioseo_notices":[],"_links":{"self":[{"href":"https:\/\/blogsaverroes.juntadeandalucia.es\/iesvillanuevamar\/wp-json\/wp\/v2\/posts\/3505"}],"collection":[{"href":"https:\/\/blogsaverroes.juntadeandalucia.es\/iesvillanuevamar\/wp-json\/wp\/v2\/posts"}],"about":[{"href":"https:\/\/blogsaverroes.juntadeandalucia.es\/iesvillanuevamar\/wp-json\/wp\/v2\/types\/post"}],"author":[{"embeddable":true,"href":"https:\/\/blogsaverroes.juntadeandalucia.es\/iesvillanuevamar\/wp-json\/wp\/v2\/users\/3520"}],"replies":[{"embeddable":true,"href":"https:\/\/blogsaverroes.juntadeandalucia.es\/iesvillanuevamar\/wp-json\/wp\/v2\/comments?post=3505"}],"version-history":[{"count":1,"href":"https:\/\/blogsaverroes.juntadeandalucia.es\/iesvillanuevamar\/wp-json\/wp\/v2\/posts\/3505\/revisions"}],"predecessor-version":[{"id":3506,"href":"https:\/\/blogsaverroes.juntadeandalucia.es\/iesvillanuevamar\/wp-json\/wp\/v2\/posts\/3505\/revisions\/3506"}],"wp:featuredmedia":[{"embeddable":true,"href":"https:\/\/blogsaverroes.juntadeandalucia.es\/iesvillanuevamar\/wp-json\/wp\/v2\/media\/1617"}],"wp:attachment":[{"href":"https:\/\/blogsaverroes.juntadeandalucia.es\/iesvillanuevamar\/wp-json\/wp\/v2\/media?parent=3505"}],"wp:term":[{"taxonomy":"category","embeddable":true,"href":"https:\/\/blogsaverroes.juntadeandalucia.es\/iesvillanuevamar\/wp-json\/wp\/v2\/categories?post=3505"},{"taxonomy":"post_tag","embeddable":true,"href":"https:\/\/blogsaverroes.juntadeandalucia.es\/iesvillanuevamar\/wp-json\/wp\/v2\/tags?post=3505"}],"curies":[{"name":"wp","href":"https:\/\/api.w.org\/{rel}","templated":true}]}}