{"id":902,"date":"2025-04-01T11:19:39","date_gmt":"2025-04-01T09:19:39","guid":{"rendered":"https:\/\/blogsaverroes.juntadeandalucia.es\/iesvirgendelcastillo\/?p=902"},"modified":"2025-04-01T19:09:24","modified_gmt":"2025-04-01T17:09:24","slug":"presentacion","status":"publish","type":"post","link":"https:\/\/blogsaverroes.juntadeandalucia.es\/iesvirgendelcastillo\/presentacion\/","title":{"rendered":"Presentaci\u00f3n"},"content":{"rendered":"<p>La Consejer\u00eda de Desarrollo Educativo y Formaci\u00f3n Profesional pone a disposici\u00f3n de los centros el Programa para la Innovaci\u00f3n y la Mejora del Aprendizaje, Programa CIMA, una herramienta para el desarrollo del nuevo marco curricular y la integraci\u00f3n de las pr\u00e1cticas educativas en el Proyecto Educativo del centro, fomentando el trabajo cooperativo y la mejora continua del aprendizaje y los conocimientos del alumnado andaluz.<\/p>\n<p>Los cambios en la sociedad de la informaci\u00f3n y la conectividad, las \u00faltimas investigaciones en innovaci\u00f3n y evaluaci\u00f3n educativa y los resultados obtenidos en el diagn\u00f3stico sobre el estado de la innovaci\u00f3n educativa en Andaluc\u00eda han promovido un nuevo paradigma en la organizaci\u00f3n y funcionamiento de los programas educativos configurado desde los fundamentos normativos, cient\u00edficos y pedag\u00f3gicos.<\/p>\n<p>Con este Programa, se pretende reforzar y consolidar una iniciativa de la Consejer\u00eda de Desarrollo Educativo y Formaci\u00f3n Profesional para situar al sistema educativo andaluz en una senda acorde con los objetivos adoptados a nivel mundial para la construcci\u00f3n de una sociedad m\u00e1s sostenible e inclusiva desde el \u00e1mbito educativo.<\/p>\n<p>Para m\u00e1s informaci\u00f3n, pueden acceder a la web: <a href=\"https:\/\/www.juntadeandalucia.es\/educacion\/portales\/web\/planes-y-programas\/programa-cima\">https:\/\/www.juntadeandalucia.es\/educacion\/portales\/web\/planes-y-programas\/programa-cima<\/a><\/p>\n<p>Actividades que se vienen desarrollando en el centro:<\/p>\n<h1>&nbsp;<\/h1>\n","protected":false},"excerpt":{"rendered":"<p>La Consejer\u00eda de Desarrollo Educativo y Formaci\u00f3n Profesional pone a disposici\u00f3n de los centros el Programa para la Innovaci\u00f3n y la Mejora del Aprendizaje, Programa CIMA, una herramienta para el desarrollo del nuevo marco curricular y la integraci\u00f3n de las pr\u00e1cticas educativas en el Proyecto Educativo del centro, fomentando el trabajo cooperativo y la mejora [&hellip;]<\/p>\n","protected":false},"author":10368,"featured_media":859,"comment_status":"closed","ping_status":"open","sticky":false,"template":"","format":"standard","meta":{"_et_pb_use_builder":"","_et_pb_old_content":"","_et_gb_content_width":"","ngg_post_thumbnail":0,"footnotes":""},"categories":[6],"tags":[],"aioseo_notices":[],"_links":{"self":[{"href":"https:\/\/blogsaverroes.juntadeandalucia.es\/iesvirgendelcastillo\/wp-json\/wp\/v2\/posts\/902"}],"collection":[{"href":"https:\/\/blogsaverroes.juntadeandalucia.es\/iesvirgendelcastillo\/wp-json\/wp\/v2\/posts"}],"about":[{"href":"https:\/\/blogsaverroes.juntadeandalucia.es\/iesvirgendelcastillo\/wp-json\/wp\/v2\/types\/post"}],"author":[{"embeddable":true,"href":"https:\/\/blogsaverroes.juntadeandalucia.es\/iesvirgendelcastillo\/wp-json\/wp\/v2\/users\/10368"}],"replies":[{"embeddable":true,"href":"https:\/\/blogsaverroes.juntadeandalucia.es\/iesvirgendelcastillo\/wp-json\/wp\/v2\/comments?post=902"}],"version-history":[{"count":4,"href":"https:\/\/blogsaverroes.juntadeandalucia.es\/iesvirgendelcastillo\/wp-json\/wp\/v2\/posts\/902\/revisions"}],"predecessor-version":[{"id":1041,"href":"https:\/\/blogsaverroes.juntadeandalucia.es\/iesvirgendelcastillo\/wp-json\/wp\/v2\/posts\/902\/revisions\/1041"}],"wp:featuredmedia":[{"embeddable":true,"href":"https:\/\/blogsaverroes.juntadeandalucia.es\/iesvirgendelcastillo\/wp-json\/wp\/v2\/media\/859"}],"wp:attachment":[{"href":"https:\/\/blogsaverroes.juntadeandalucia.es\/iesvirgendelcastillo\/wp-json\/wp\/v2\/media?parent=902"}],"wp:term":[{"taxonomy":"category","embeddable":true,"href":"https:\/\/blogsaverroes.juntadeandalucia.es\/iesvirgendelcastillo\/wp-json\/wp\/v2\/categories?post=902"},{"taxonomy":"post_tag","embeddable":true,"href":"https:\/\/blogsaverroes.juntadeandalucia.es\/iesvirgendelcastillo\/wp-json\/wp\/v2\/tags?post=902"}],"curies":[{"name":"wp","href":"https:\/\/api.w.org\/{rel}","templated":true}]}}