{"id":2893,"date":"2020-12-18T19:08:32","date_gmt":"2020-12-18T19:08:32","guid":{"rendered":"https:\/\/blogsaverroes.juntadeandalucia.es\/iesvirgendelcollado\/?p=2893"},"modified":"2020-12-18T19:08:32","modified_gmt":"2020-12-18T19:08:32","slug":"entrega-de-notas","status":"publish","type":"post","link":"https:\/\/blogsaverroes.juntadeandalucia.es\/iesvirgendelcollado\/entrega-de-notas\/","title":{"rendered":"ENTREGA DE NOTAS."},"content":{"rendered":"<p style=\"text-align: center\"><a href=\"https:\/\/blogsaverroes.juntadeandalucia.es\/iesvirgendelcollado\/files\/2020\/12\/entrega_notas_20191.jpg\"><img loading=\"lazy\" decoding=\"async\" class=\"alignnone size-medium wp-image-2895\" src=\"https:\/\/blogsaverroes.juntadeandalucia.es\/iesvirgendelcollado\/files\/2020\/12\/entrega_notas_20191-300x201.jpg\" alt=\"\" width=\"300\" height=\"201\" srcset=\"https:\/\/blogsaverroes.juntadeandalucia.es\/iesvirgendelcollado\/files\/2020\/12\/entrega_notas_20191-300x201.jpg 300w, https:\/\/blogsaverroes.juntadeandalucia.es\/iesvirgendelcollado\/files\/2020\/12\/entrega_notas_20191-24x16.jpg 24w, https:\/\/blogsaverroes.juntadeandalucia.es\/iesvirgendelcollado\/files\/2020\/12\/entrega_notas_20191-36x24.jpg 36w, https:\/\/blogsaverroes.juntadeandalucia.es\/iesvirgendelcollado\/files\/2020\/12\/entrega_notas_20191-48x32.jpg 48w, https:\/\/blogsaverroes.juntadeandalucia.es\/iesvirgendelcollado\/files\/2020\/12\/entrega_notas_20191.jpg 646w\" sizes=\"(max-width: 300px) 100vw, 300px\" \/><\/a><\/p>\n<p>&nbsp;Os recordamos que la entrega de notas de la 1\u00aa Evaluaci\u00f3n ser\u00e1 el pr\u00f3ximo d\u00eda <strong>22 de diciembre a partir de las 11:00 horas<\/strong> y se realizar\u00e1 a trav\u00e9s de la aplicaci\u00f3n iPASEN.<\/p>\n","protected":false},"excerpt":{"rendered":"<p>&nbsp;Os recordamos que la entrega de notas de la 1\u00aa Evaluaci\u00f3n ser\u00e1 el pr\u00f3ximo d\u00eda 22 de diciembre a partir de las 11:00 horas y se realizar\u00e1 a trav\u00e9s de la aplicaci\u00f3n iPASEN.<\/p>\n","protected":false},"author":10574,"featured_media":0,"comment_status":"closed","ping_status":"closed","sticky":false,"template":"","format":"standard","meta":{"ngg_post_thumbnail":0,"footnotes":""},"categories":[2351654],"tags":[],"aioseo_notices":[],"_links":{"self":[{"href":"https:\/\/blogsaverroes.juntadeandalucia.es\/iesvirgendelcollado\/wp-json\/wp\/v2\/posts\/2893"}],"collection":[{"href":"https:\/\/blogsaverroes.juntadeandalucia.es\/iesvirgendelcollado\/wp-json\/wp\/v2\/posts"}],"about":[{"href":"https:\/\/blogsaverroes.juntadeandalucia.es\/iesvirgendelcollado\/wp-json\/wp\/v2\/types\/post"}],"author":[{"embeddable":true,"href":"https:\/\/blogsaverroes.juntadeandalucia.es\/iesvirgendelcollado\/wp-json\/wp\/v2\/users\/10574"}],"replies":[{"embeddable":true,"href":"https:\/\/blogsaverroes.juntadeandalucia.es\/iesvirgendelcollado\/wp-json\/wp\/v2\/comments?post=2893"}],"version-history":[{"count":2,"href":"https:\/\/blogsaverroes.juntadeandalucia.es\/iesvirgendelcollado\/wp-json\/wp\/v2\/posts\/2893\/revisions"}],"predecessor-version":[{"id":2896,"href":"https:\/\/blogsaverroes.juntadeandalucia.es\/iesvirgendelcollado\/wp-json\/wp\/v2\/posts\/2893\/revisions\/2896"}],"wp:attachment":[{"href":"https:\/\/blogsaverroes.juntadeandalucia.es\/iesvirgendelcollado\/wp-json\/wp\/v2\/media?parent=2893"}],"wp:term":[{"taxonomy":"category","embeddable":true,"href":"https:\/\/blogsaverroes.juntadeandalucia.es\/iesvirgendelcollado\/wp-json\/wp\/v2\/categories?post=2893"},{"taxonomy":"post_tag","embeddable":true,"href":"https:\/\/blogsaverroes.juntadeandalucia.es\/iesvirgendelcollado\/wp-json\/wp\/v2\/tags?post=2893"}],"curies":[{"name":"wp","href":"https:\/\/api.w.org\/{rel}","templated":true}]}}