{"id":3027,"date":"2021-03-22T17:01:33","date_gmt":"2021-03-22T17:01:33","guid":{"rendered":"https:\/\/blogsaverroes.juntadeandalucia.es\/iesvirgendelcollado\/?p=3027"},"modified":"2021-03-22T17:01:33","modified_gmt":"2021-03-22T17:01:33","slug":"entrega-de-notas-2","status":"publish","type":"post","link":"https:\/\/blogsaverroes.juntadeandalucia.es\/iesvirgendelcollado\/entrega-de-notas-2\/","title":{"rendered":"ENTREGA DE NOTAS."},"content":{"rendered":"<p><a href=\"https:\/\/blogsaverroes.juntadeandalucia.es\/iesvirgendelcollado\/files\/2021\/02\/entrega-de-notas.jpg\"><img loading=\"lazy\" decoding=\"async\" class=\"alignnone size-medium wp-image-3014 aligncenter\" src=\"https:\/\/blogsaverroes.juntadeandalucia.es\/iesvirgendelcollado\/files\/2021\/02\/entrega-de-notas-300x224.jpg\" alt=\"\" width=\"300\" height=\"224\" srcset=\"https:\/\/blogsaverroes.juntadeandalucia.es\/iesvirgendelcollado\/files\/2021\/02\/entrega-de-notas-300x224.jpg 300w, https:\/\/blogsaverroes.juntadeandalucia.es\/iesvirgendelcollado\/files\/2021\/02\/entrega-de-notas.jpg 597w\" sizes=\"(max-width: 300px) 100vw, 300px\" \/><\/a><\/p>\n<p>Os recordamos que la entrega de notas de la <strong>2\u00aa Evaluaci\u00f3n<\/strong> ser\u00e1 el pr\u00f3ximo d\u00eda <strong>25 de marzo (jueves)<\/strong> a partir de las 12:00 horas a trav\u00e9s de la aplicaci\u00f3n iPasen.<\/p>\n<p>Si hubera alg\u00fan problema con la aplicacios, os recordamos que tambi\u00e9n se pueden consultar a trav\u00e9s de la p\u00e1gina web de iPasen.<\/p>\n","protected":false},"excerpt":{"rendered":"<p>Os recordamos que la entrega de notas de la 2\u00aa Evaluaci\u00f3n ser\u00e1 el pr\u00f3ximo d\u00eda 25 de marzo (jueves) a partir de las 12:00 horas a trav\u00e9s de la aplicaci\u00f3n iPasen. Si hubera alg\u00fan problema con la aplicacios, os recordamos que tambi\u00e9n se pueden consultar a trav\u00e9s de la p\u00e1gina web de iPasen.<\/p>\n","protected":false},"author":10574,"featured_media":0,"comment_status":"closed","ping_status":"closed","sticky":false,"template":"","format":"standard","meta":{"ngg_post_thumbnail":0,"footnotes":""},"categories":[2351654],"tags":[],"aioseo_notices":[],"_links":{"self":[{"href":"https:\/\/blogsaverroes.juntadeandalucia.es\/iesvirgendelcollado\/wp-json\/wp\/v2\/posts\/3027"}],"collection":[{"href":"https:\/\/blogsaverroes.juntadeandalucia.es\/iesvirgendelcollado\/wp-json\/wp\/v2\/posts"}],"about":[{"href":"https:\/\/blogsaverroes.juntadeandalucia.es\/iesvirgendelcollado\/wp-json\/wp\/v2\/types\/post"}],"author":[{"embeddable":true,"href":"https:\/\/blogsaverroes.juntadeandalucia.es\/iesvirgendelcollado\/wp-json\/wp\/v2\/users\/10574"}],"replies":[{"embeddable":true,"href":"https:\/\/blogsaverroes.juntadeandalucia.es\/iesvirgendelcollado\/wp-json\/wp\/v2\/comments?post=3027"}],"version-history":[{"count":1,"href":"https:\/\/blogsaverroes.juntadeandalucia.es\/iesvirgendelcollado\/wp-json\/wp\/v2\/posts\/3027\/revisions"}],"predecessor-version":[{"id":3028,"href":"https:\/\/blogsaverroes.juntadeandalucia.es\/iesvirgendelcollado\/wp-json\/wp\/v2\/posts\/3027\/revisions\/3028"}],"wp:attachment":[{"href":"https:\/\/blogsaverroes.juntadeandalucia.es\/iesvirgendelcollado\/wp-json\/wp\/v2\/media?parent=3027"}],"wp:term":[{"taxonomy":"category","embeddable":true,"href":"https:\/\/blogsaverroes.juntadeandalucia.es\/iesvirgendelcollado\/wp-json\/wp\/v2\/categories?post=3027"},{"taxonomy":"post_tag","embeddable":true,"href":"https:\/\/blogsaverroes.juntadeandalucia.es\/iesvirgendelcollado\/wp-json\/wp\/v2\/tags?post=3027"}],"curies":[{"name":"wp","href":"https:\/\/api.w.org\/{rel}","templated":true}]}}