{"id":3226,"date":"2021-11-22T19:24:22","date_gmt":"2021-11-22T19:24:22","guid":{"rendered":"https:\/\/blogsaverroes.juntadeandalucia.es\/iesvirgendelcollado\/?p=3226"},"modified":"2021-11-22T19:24:22","modified_gmt":"2021-11-22T19:24:22","slug":"programa-aldea","status":"publish","type":"post","link":"https:\/\/blogsaverroes.juntadeandalucia.es\/iesvirgendelcollado\/programa-aldea\/","title":{"rendered":"PROGRAMA ALDEA."},"content":{"rendered":"<p><a href=\"https:\/\/blogsaverroes.juntadeandalucia.es\/iesvirgendelcollado\/files\/2021\/11\/PHOTO-2021-11-22-19-50-12-1.jpg\"><img loading=\"lazy\" decoding=\"async\" class=\"size-medium wp-image-3223 aligncenter\" src=\"https:\/\/blogsaverroes.juntadeandalucia.es\/iesvirgendelcollado\/files\/2021\/11\/PHOTO-2021-11-22-19-50-12-1-225x300.jpg\" alt=\"\" width=\"225\" height=\"300\" srcset=\"https:\/\/blogsaverroes.juntadeandalucia.es\/iesvirgendelcollado\/files\/2021\/11\/PHOTO-2021-11-22-19-50-12-1-225x300.jpg 225w, https:\/\/blogsaverroes.juntadeandalucia.es\/iesvirgendelcollado\/files\/2021\/11\/PHOTO-2021-11-22-19-50-12-1-768x1024.jpg 768w, https:\/\/blogsaverroes.juntadeandalucia.es\/iesvirgendelcollado\/files\/2021\/11\/PHOTO-2021-11-22-19-50-12-1-1152x1536.jpg 1152w, https:\/\/blogsaverroes.juntadeandalucia.es\/iesvirgendelcollado\/files\/2021\/11\/PHOTO-2021-11-22-19-50-12-1.jpg 1200w\" sizes=\"(max-width: 225px) 100vw, 225px\" \/><\/a> <a href=\"https:\/\/blogsaverroes.juntadeandalucia.es\/iesvirgendelcollado\/files\/2021\/11\/PHOTO-2021-11-22-19-50-13.jpg\"><img loading=\"lazy\" decoding=\"async\" class=\"size-medium wp-image-3224 aligncenter\" src=\"https:\/\/blogsaverroes.juntadeandalucia.es\/iesvirgendelcollado\/files\/2021\/11\/PHOTO-2021-11-22-19-50-13-225x300.jpg\" alt=\"\" width=\"225\" height=\"300\" srcset=\"https:\/\/blogsaverroes.juntadeandalucia.es\/iesvirgendelcollado\/files\/2021\/11\/PHOTO-2021-11-22-19-50-13-225x300.jpg 225w, https:\/\/blogsaverroes.juntadeandalucia.es\/iesvirgendelcollado\/files\/2021\/11\/PHOTO-2021-11-22-19-50-13-768x1024.jpg 768w, https:\/\/blogsaverroes.juntadeandalucia.es\/iesvirgendelcollado\/files\/2021\/11\/PHOTO-2021-11-22-19-50-13-1152x1536.jpg 1152w, https:\/\/blogsaverroes.juntadeandalucia.es\/iesvirgendelcollado\/files\/2021\/11\/PHOTO-2021-11-22-19-50-13.jpg 1200w\" sizes=\"(max-width: 225px) 100vw, 225px\" \/><\/a> <a href=\"https:\/\/blogsaverroes.juntadeandalucia.es\/iesvirgendelcollado\/files\/2021\/11\/PHOTO-2021-11-22-19-50-14.jpg\"><img loading=\"lazy\" decoding=\"async\" class=\"size-medium wp-image-3225 aligncenter\" src=\"https:\/\/blogsaverroes.juntadeandalucia.es\/iesvirgendelcollado\/files\/2021\/11\/PHOTO-2021-11-22-19-50-14-300x225.jpg\" alt=\"\" width=\"300\" height=\"225\" srcset=\"https:\/\/blogsaverroes.juntadeandalucia.es\/iesvirgendelcollado\/files\/2021\/11\/PHOTO-2021-11-22-19-50-14-300x225.jpg 300w, https:\/\/blogsaverroes.juntadeandalucia.es\/iesvirgendelcollado\/files\/2021\/11\/PHOTO-2021-11-22-19-50-14-1024x768.jpg 1024w, https:\/\/blogsaverroes.juntadeandalucia.es\/iesvirgendelcollado\/files\/2021\/11\/PHOTO-2021-11-22-19-50-14-768x576.jpg 768w, https:\/\/blogsaverroes.juntadeandalucia.es\/iesvirgendelcollado\/files\/2021\/11\/PHOTO-2021-11-22-19-50-14-1536x1152.jpg 1536w, https:\/\/blogsaverroes.juntadeandalucia.es\/iesvirgendelcollado\/files\/2021\/11\/PHOTO-2021-11-22-19-50-14.jpg 1600w\" sizes=\"(max-width: 300px) 100vw, 300px\" \/><\/a><\/p>\n<p>Enmarcado dentro del Programa Aldea, el alumnado de 4\u00ba de ESO B, junto con su profesora de F\u00edsica y Quimica y coordinadora del programa, Vanesa Olivares, llev\u00f3 a cabo la semana pasada la plantaci\u00f3n de una encina en uno de los espacios ajardinados del centro. El Programa Aldea pretende, entre otros objetivos, la sensibilizaci\u00f3n de nuestros j\u00f3venes con el medio ambiente.<\/p>\n","protected":false},"excerpt":{"rendered":"<p>Enmarcado dentro del Programa Aldea, el alumnado de 4\u00ba de ESO B, junto con su profesora de F\u00edsica y Quimica y coordinadora del programa, Vanesa Olivares, llev\u00f3 a cabo la semana pasada la plantaci\u00f3n de una encina en uno de los espacios ajardinados del centro. El Programa Aldea pretende, entre otros objetivos, la sensibilizaci\u00f3n de &hellip; <a href=\"https:\/\/blogsaverroes.juntadeandalucia.es\/iesvirgendelcollado\/programa-aldea\/\" class=\"more-link\">Seguir leyendo <span class=\"screen-reader-text\">PROGRAMA ALDEA.<\/span> <span class=\"meta-nav\">&rarr;<\/span><\/a><\/p>\n","protected":false},"author":10574,"featured_media":0,"comment_status":"closed","ping_status":"closed","sticky":false,"template":"","format":"standard","meta":{"ngg_post_thumbnail":0,"footnotes":""},"categories":[2351667],"tags":[],"aioseo_notices":[],"_links":{"self":[{"href":"https:\/\/blogsaverroes.juntadeandalucia.es\/iesvirgendelcollado\/wp-json\/wp\/v2\/posts\/3226"}],"collection":[{"href":"https:\/\/blogsaverroes.juntadeandalucia.es\/iesvirgendelcollado\/wp-json\/wp\/v2\/posts"}],"about":[{"href":"https:\/\/blogsaverroes.juntadeandalucia.es\/iesvirgendelcollado\/wp-json\/wp\/v2\/types\/post"}],"author":[{"embeddable":true,"href":"https:\/\/blogsaverroes.juntadeandalucia.es\/iesvirgendelcollado\/wp-json\/wp\/v2\/users\/10574"}],"replies":[{"embeddable":true,"href":"https:\/\/blogsaverroes.juntadeandalucia.es\/iesvirgendelcollado\/wp-json\/wp\/v2\/comments?post=3226"}],"version-history":[{"count":2,"href":"https:\/\/blogsaverroes.juntadeandalucia.es\/iesvirgendelcollado\/wp-json\/wp\/v2\/posts\/3226\/revisions"}],"predecessor-version":[{"id":3228,"href":"https:\/\/blogsaverroes.juntadeandalucia.es\/iesvirgendelcollado\/wp-json\/wp\/v2\/posts\/3226\/revisions\/3228"}],"wp:attachment":[{"href":"https:\/\/blogsaverroes.juntadeandalucia.es\/iesvirgendelcollado\/wp-json\/wp\/v2\/media?parent=3226"}],"wp:term":[{"taxonomy":"category","embeddable":true,"href":"https:\/\/blogsaverroes.juntadeandalucia.es\/iesvirgendelcollado\/wp-json\/wp\/v2\/categories?post=3226"},{"taxonomy":"post_tag","embeddable":true,"href":"https:\/\/blogsaverroes.juntadeandalucia.es\/iesvirgendelcollado\/wp-json\/wp\/v2\/tags?post=3226"}],"curies":[{"name":"wp","href":"https:\/\/api.w.org\/{rel}","templated":true}]}}