{"id":3541,"date":"2020-04-28T08:16:45","date_gmt":"2020-04-28T08:16:45","guid":{"rendered":"https:\/\/blogsaverroes.juntadeandalucia.es\/iesvirgendelmar\/?p=3541"},"modified":"2020-04-26T17:05:10","modified_gmt":"2020-04-26T17:05:10","slug":"1o-b-sociales-semana-del-27-al-30-abril","status":"publish","type":"post","link":"https:\/\/blogsaverroes.juntadeandalucia.es\/iesvirgendelmar\/2020\/04\/28\/1o-b-sociales-semana-del-27-al-30-abril\/","title":{"rendered":"1\u00ba B Sociales- semana del 27 al 30 abril"},"content":{"rendered":"<p><em><strong>Prof. Alberto<\/strong><\/em><\/p>\n<p>Buenos d\u00edas!<\/p>\n<p>Quiero dejaros algo muy claro: por ahora el \u00fanico que est\u00e1 trabajando TODOS LOS D\u00cdAS es Giovani.\u00a0 El resto no podr\u00e9is aprobar la asignatura si segu\u00eds as\u00ed.\u00a0 Y eso que sab\u00e9is perfectamente d\u00f3nde os ponemos las tareas. Vuelvo a poner las mismas tareas de la semana anterior. Es la \u00faltima vez que lo hago.<!--more--><\/p>\n<p><strong><span style=\"color: #339966\">PARA GIOVANI:<\/span><\/strong><\/p>\n<p>Enhorabuena, sigue trabajando as\u00ed campe\u00f3n. Aqu\u00ed te dejo una nueva entrega de las aventuras de Ast\u00e9rix y Ob\u00e9lix. Tienes toda la semana para leerlo con tranquilidad. As\u00ed que quiero que hagas las preguntas en tu cuaderno pero contest\u00e1ndolas lo mejor que puedas.<\/p>\n<p><a href=\"https:\/\/blogsaverroes.juntadeandalucia.es\/iesvirgendelmar\/files\/2020\/04\/Asterix_Legionario.pdf\" target=\"_blank\" rel=\"noopener noreferrer\">Asterix_Legionario<\/a><\/p>\n<p><a href=\"https:\/\/blogsaverroes.juntadeandalucia.es\/iesvirgendelmar\/files\/2020\/04\/9788469602577.jpg\"><img loading=\"lazy\" decoding=\"async\" class=\"alignnone size-medium wp-image-3545\" src=\"https:\/\/blogsaverroes.juntadeandalucia.es\/iesvirgendelmar\/files\/2020\/04\/9788469602577-229x300.jpg\" alt=\"\" width=\"229\" height=\"300\" srcset=\"https:\/\/blogsaverroes.juntadeandalucia.es\/iesvirgendelmar\/files\/2020\/04\/9788469602577-229x300.jpg 229w, https:\/\/blogsaverroes.juntadeandalucia.es\/iesvirgendelmar\/files\/2020\/04\/9788469602577-768x1008.jpg 768w, https:\/\/blogsaverroes.juntadeandalucia.es\/iesvirgendelmar\/files\/2020\/04\/9788469602577-780x1024.jpg 780w, https:\/\/blogsaverroes.juntadeandalucia.es\/iesvirgendelmar\/files\/2020\/04\/9788469602577-18x24.jpg 18w, https:\/\/blogsaverroes.juntadeandalucia.es\/iesvirgendelmar\/files\/2020\/04\/9788469602577-27x36.jpg 27w, https:\/\/blogsaverroes.juntadeandalucia.es\/iesvirgendelmar\/files\/2020\/04\/9788469602577-37x48.jpg 37w, https:\/\/blogsaverroes.juntadeandalucia.es\/iesvirgendelmar\/files\/2020\/04\/9788469602577.jpg 1000w\" sizes=\"(max-width: 229px) 100vw, 229px\" \/><\/a><\/p>\n<p><span style=\"text-decoration: underline\">Preguntas<\/span>:<\/p>\n<ul>\n<li>\u00bfDe qui\u00e9n se enamora Ob\u00e9lix al principio?<\/li>\n<li>\u00bfPor qu\u00e9 deciden ir Asterix y Ob\u00e9lix a salvar a Tragic\u00f3mix?<\/li>\n<li>\u00bfPor qu\u00e9 deciden apuntarse al ej\u00e9rcito romano?<\/li>\n<li>\u00bfC\u00f3mo se llama la ciudad donde llegan primero?<\/li>\n<li>Busca en Google qu\u00e9 es una legi\u00f3n romana y expl\u00edcalo.<\/li>\n<li>Los soldados romanos utilizaban dos armas b\u00e1sicas: el pilum y el gladius. Busca qu\u00e9 son cada una.<\/li>\n<li>Asterix y Obelix se visten de legionarios romanos cuando llegan al cuartel. \u00bfC\u00f3mo es el uniforme romano?<\/li>\n<li>\u00bfC\u00f3mo logran rescatar\u00a0 Asterix y Ob\u00e9lix a Tragic\u00f3mix?<\/li>\n<\/ul>\n<p>&nbsp;<\/p>\n<p><strong><span style=\"color: #339966\">PARA EL RESTO DE LA CLASE<\/span><\/strong><\/p>\n<p><span style=\"color: #3366ff\"><strong>Martes 28<\/strong><\/span><\/p>\n<p>Vamos a seguir aprendiendo cosillas sobre Roma, y esta vez nos centraremos en la \u00e9poca del Imperio y su ca\u00edda. Y adem\u00e1s, os presentar\u00e9 a Asterix y Obelix!<\/p>\n<p><a href=\"https:\/\/blogsaverroes.juntadeandalucia.es\/iesvirgendelmar\/files\/2020\/04\/asterix-y-obelix.jpeg\"><img loading=\"lazy\" decoding=\"async\" class=\"alignnone size-medium wp-image-3143\" src=\"https:\/\/blogsaverroes.juntadeandalucia.es\/iesvirgendelmar\/files\/2020\/04\/asterix-y-obelix-300x225.jpeg\" alt=\"\" width=\"300\" height=\"225\" srcset=\"https:\/\/blogsaverroes.juntadeandalucia.es\/iesvirgendelmar\/files\/2020\/04\/asterix-y-obelix-300x225.jpeg 300w, https:\/\/blogsaverroes.juntadeandalucia.es\/iesvirgendelmar\/files\/2020\/04\/asterix-y-obelix-768x576.jpeg 768w, https:\/\/blogsaverroes.juntadeandalucia.es\/iesvirgendelmar\/files\/2020\/04\/asterix-y-obelix-24x18.jpeg 24w, https:\/\/blogsaverroes.juntadeandalucia.es\/iesvirgendelmar\/files\/2020\/04\/asterix-y-obelix-36x27.jpeg 36w, https:\/\/blogsaverroes.juntadeandalucia.es\/iesvirgendelmar\/files\/2020\/04\/asterix-y-obelix-48x36.jpeg 48w, https:\/\/blogsaverroes.juntadeandalucia.es\/iesvirgendelmar\/files\/2020\/04\/asterix-y-obelix.jpeg 900w\" sizes=\"(max-width: 300px) 100vw, 300px\" \/><\/a><\/p>\n<p>Primero, vais a copiar la teor\u00eda en vuestro cuaderno.<\/p>\n<p><a href=\"https:\/\/blogsaverroes.juntadeandalucia.es\/iesvirgendelmar\/files\/2020\/04\/Roma-teori\u0301a-5-Imperio.pdf\">Roma teori\u0301a 5- Imperio<\/a><\/p>\n<p>Los alumnos que trabajen con un cuaderno individual en clase, van a copiar este esquema:<\/p>\n<p><a href=\"https:\/\/blogsaverroes.juntadeandalucia.es\/iesvirgendelmar\/files\/2020\/04\/Cuadernillo-Sociedad-y-vida-.pdf\">Cuadernillo- Sociedad y vida<\/a><\/p>\n<p>&nbsp;<\/p>\n<p><strong><span style=\"color: #3366ff\">Mi\u00e9rcoles 29 y Jueves 30<\/span><\/strong><\/p>\n<p>Os presento a Asterix y Obelix! Dos h\u00e9roes galos que se las hacen pasar canutas a los romanos en todas sus aventuras.<\/p>\n<p>Nuestros protagonistas\u00a0 viven en la <strong>Galia<\/strong>, lo hoy ser\u00eda Francia, nuestro pa\u00eds vecino,\u00a0 pero que hace 2000 a\u00f1os se llamaba as\u00ed. Ellos y su pueblo, una peque\u00f1a aldea, llevan resistiendo el poder de Roma gracias a una poci\u00f3n secreta que prepara el <strong>druida<\/strong> (una especie de hechicero y sabio consejero) de la aldea, llamado Panoramix.<\/p>\n<p>Ahora, os voy a dejar un comic de una de sus aventuras. Quiero que lo le\u00e1is tranquilamente. Son muy divertidos\u00a0 y os va a encantar. Leedlo con atenci\u00f3n. Har\u00e9is algunas preguntas sobre lo que hab\u00e9is le\u00eddo.<\/p>\n<p>&nbsp;<\/p>\n<p><a href=\"https:\/\/blogsaverroes.juntadeandalucia.es\/iesvirgendelmar\/files\/2020\/04\/Asterix_Gladiador.pdf\">Asterix_Gladiador<\/a><\/p>\n<p>Un vez le\u00eddo, contestad a las siguientes preguntas:<\/p>\n<ul>\n<li>\u00bfC\u00f3mo se llama el jefe de la tribu de Asterix? \u00bfSobre qu\u00e9 va montado siempre?<\/li>\n<li>\u00bfC\u00f3mo se llama el bardo de la tribu, es decir, el que va cantando siempre?<\/li>\n<li>\u00bf A qu\u00e9 se dedica Obelix? \u00bfEn qu\u00e9 trabaja?<\/li>\n<li>\u00bfC\u00f3mo se llama la calle a la que llegan Asterix y Obelix en Roma?<\/li>\n<li>\u00bfC\u00f3mo es la ciudad de Roma? \u00bfHay edificios de madera, hay poca gente, etc.?<\/li>\n<li>\u00bfC\u00f3mo es la casa de Jabalix? Descr\u00edbela<\/li>\n<li>\u00bfQu\u00e9 es un lanista?<\/li>\n<li>\u00bfQu\u00e9 es una terma romana? \u00bf C\u00f3mo se llama la sala de las termas en la que hace tanto calor?<\/li>\n<li>En la programaci\u00f3n de los juegos del anfiteatro, donde luchan, hay un mont\u00f3n de actividades. Di cu\u00e1les son.<\/li>\n<\/ul>\n<p>&nbsp;<\/p>\n<p>&nbsp;<\/p>\n","protected":false},"excerpt":{"rendered":"<p>Prof. Alberto Buenos d\u00edas! Quiero dejaros algo muy claro: por ahora el \u00fanico que est\u00e1 trabajando TODOS LOS D\u00cdAS es Giovani.\u00a0 El resto no podr\u00e9is aprobar la asignatura si segu\u00eds as\u00ed.\u00a0 Y eso que&#46;&#46;&#46;<\/p>\n","protected":false},"author":8883,"featured_media":0,"comment_status":"open","ping_status":"open","sticky":false,"template":"","format":"standard","meta":{"ngg_post_thumbnail":0,"footnotes":""},"categories":[1265],"tags":[],"aioseo_notices":[],"_links":{"self":[{"href":"https:\/\/blogsaverroes.juntadeandalucia.es\/iesvirgendelmar\/wp-json\/wp\/v2\/posts\/3541"}],"collection":[{"href":"https:\/\/blogsaverroes.juntadeandalucia.es\/iesvirgendelmar\/wp-json\/wp\/v2\/posts"}],"about":[{"href":"https:\/\/blogsaverroes.juntadeandalucia.es\/iesvirgendelmar\/wp-json\/wp\/v2\/types\/post"}],"author":[{"embeddable":true,"href":"https:\/\/blogsaverroes.juntadeandalucia.es\/iesvirgendelmar\/wp-json\/wp\/v2\/users\/8883"}],"replies":[{"embeddable":true,"href":"https:\/\/blogsaverroes.juntadeandalucia.es\/iesvirgendelmar\/wp-json\/wp\/v2\/comments?post=3541"}],"version-history":[{"count":3,"href":"https:\/\/blogsaverroes.juntadeandalucia.es\/iesvirgendelmar\/wp-json\/wp\/v2\/posts\/3541\/revisions"}],"predecessor-version":[{"id":3548,"href":"https:\/\/blogsaverroes.juntadeandalucia.es\/iesvirgendelmar\/wp-json\/wp\/v2\/posts\/3541\/revisions\/3548"}],"wp:attachment":[{"href":"https:\/\/blogsaverroes.juntadeandalucia.es\/iesvirgendelmar\/wp-json\/wp\/v2\/media?parent=3541"}],"wp:term":[{"taxonomy":"category","embeddable":true,"href":"https:\/\/blogsaverroes.juntadeandalucia.es\/iesvirgendelmar\/wp-json\/wp\/v2\/categories?post=3541"},{"taxonomy":"post_tag","embeddable":true,"href":"https:\/\/blogsaverroes.juntadeandalucia.es\/iesvirgendelmar\/wp-json\/wp\/v2\/tags?post=3541"}],"curies":[{"name":"wp","href":"https:\/\/api.w.org\/{rel}","templated":true}]}}