{"id":3925,"date":"2020-05-04T02:00:19","date_gmt":"2020-05-04T02:00:19","guid":{"rendered":"https:\/\/blogsaverroes.juntadeandalucia.es\/iesvirgendelmar\/?p=3925"},"modified":"2020-05-05T08:49:54","modified_gmt":"2020-05-05T08:49:54","slug":"aula-especifica_educacion-especial-tarea-semanal-5-al-10-de-mayo","status":"publish","type":"post","link":"https:\/\/blogsaverroes.juntadeandalucia.es\/iesvirgendelmar\/2020\/05\/04\/aula-especifica_educacion-especial-tarea-semanal-5-al-10-de-mayo\/","title":{"rendered":"AULA ESPEC\u00cdFICA_Educaci\u00f3n Especial-TAREA SEMANAL (5 al 10 de mayo)"},"content":{"rendered":"<p><strong>AULA ESPEC\u00cdFICA_Educaci\u00f3n Especial- TAREA SEMANAL (Del 5&nbsp; al 10 de mayo)<\/strong><\/p>\n<p><span style=\"color: #993366\"><strong>Profesora: M\u00aa del Mar S\u00e1nchez S\u00e1nchez<\/strong><\/span><\/p>\n<p style=\"text-align: center\"><em>\u00a1\u00a1\u00a1<strong>\u00c1nimo, vamos muy bien!!!<\/strong><\/em><\/p>\n<p style=\"text-align: left\">La 4\u00ba semana de trabajo.<\/p>\n<p>Ya estamos en mayo y se va haciendo pesada y dif\u00edcil esta situaci\u00f3n.<strong>\u00a1\u00a1\u00a1\u00c1nimo para todos !!!.<\/strong><\/p>\n<p>Tenemos que hacer un esfuerzo porque no pierdan la <strong>ILUSI\u00d3N<\/strong> por las cosas. As\u00ed que animo a todos a seguir trabajando y a esforzarse.<\/p>\n<p>Estoy muy agradecida por el trabajo y el esfuerzo que est\u00e1is haciendo, teniendo en cuenta la situaci\u00f3n. Sin la ayuda de las familias este trabajo no es posible, as\u00ed que solo puedo seguir decidiendo que <strong>MUCHAS GRACIAS<\/strong> <strong>FAMILIAS.<\/strong><\/p>\n<p>Para no seguir cargando de actividades a vuestros hijos\/as. Ver\u00e9is que a algunos alumnos aparece la frase <em><span style=\"color: #ff6600\">(Terminar las actividades de semanas anteriores).<\/span><\/em><\/p>\n<p><strong>Lo importante es que vayan trabajando y no pierdan el h\u00e1bito y los contenidos aprendidos.<\/strong><\/p>\n<p><!--more--><\/p>\n<hr>\n<p><strong>&nbsp;<\/strong><\/p>\n<ol>\n<li><strong><u>EXPLICACI\u00d3N DE LAS TAREAS SEMANALES<\/u><\/strong><\/li>\n<\/ol>\n<p>Solo se <strong>enviar\u00e1n para corregir<\/strong> las actividades que dice <strong>\u201cENVIAR foto para corregir\u201d,<\/strong> el resto tambi\u00e9n se realizar\u00e1n, pero se corregir\u00e1n cuando volvamos al instituto.<\/p>\n<p style=\"text-align: center\"><span style=\"color: #3366ff\"><strong><u>TAREAS para KEVIN Y LUIS<\/u><\/strong><\/span><\/p>\n<p><strong><u>-Asignatura de Lengua Castellana<\/u>: <\/strong><em><span style=\"color: #ff6600\">(Terminar las actividades de la semana anterior)<\/span><\/em><\/p>\n<p><strong><em>Actividad 1<\/em>. Lecturas comprensivas<\/strong>: Son 5 lecturas con sus preguntas de comprensi\u00f3n. <span style=\"color: #ff0000\">ENVIAR foto de la lectura 1 y la 2 para corregirlas.<\/span><\/p>\n<p>Las actividades las realizar\u00e1s siguiendo los siguientes pasos:<\/p>\n<ol>\n<li style=\"list-style-type: none\">\n<ol>\n<li>Copiar el t\u00edtulo y a continuaci\u00f3n el texto.<\/li>\n<li>Copiar las preguntas de comprensi\u00f3n y la respuesta correcta.<\/li>\n<\/ol>\n<\/li>\n<\/ol>\n<p><strong><em>Actividad 2<\/em>. Ordenar las frases: <\/strong>Copiar las frases y ordenar. <span style=\"color: #ff0000\">ENVIAR foto para corregir<\/span><\/p>\n<p><strong><em>Actividad 3<\/em><\/strong>: <strong>Plural y Singular: <\/strong>Copiar y completar. <strong><u>Ver video yotube<\/u><\/strong>. <span style=\"color: #ff0000\">ENVIAR foto para corregir<\/span><\/p>\n<p><strong><u>-Asignatura de Matem\u00e1ticas: <\/u><\/strong><em><span style=\"color: #ff6600\">(Terminar las actividades de la semana anterior)<\/span><\/em><\/p>\n<p><strong><em>Actividad 1. <\/em>Sumas: <\/strong>Copiar y calcular. <span style=\"color: #ff0000\">ENVIAR foto para corregir<\/span><\/p>\n<p><strong><em>Actividad 2<\/em><\/strong><em>. <\/em><strong>Monedas: <\/strong>Copiar y calcular.<\/p>\n<p><strong><em>Actividad 3<\/em><\/strong>. <strong>Escribir n\u00fameros: <\/strong>Copiar. <span style=\"color: #ff0000\">ENVIAR foto para corregir.<\/span><\/p>\n<p><strong><em>Actividad 4.<\/em><\/strong> <strong>Restas:<\/strong> Copiar y calcular<em>.<\/em><\/p>\n<p><strong><em>Actividad 5.<\/em> Resoluci\u00f3n de problemas<\/strong>: Copiar y resolver. <span style=\"color: #ff0000\">ENVIAR foto para corregir<\/span>.<\/p>\n<p><a href=\"https:\/\/blogsaverroes.juntadeandalucia.es\/iesvirgendelmar\/files\/2020\/05\/Lecturas-comprensivas.pdf\">Lecturas comprensivas<\/a> <a href=\"https:\/\/blogsaverroes.juntadeandalucia.es\/iesvirgendelmar\/files\/2020\/05\/Ordenar-frases.pdf\">Ordenar frases<\/a> <a href=\"https:\/\/blogsaverroes.juntadeandalucia.es\/iesvirgendelmar\/files\/2020\/05\/Plural-Singular.pdf\">Plural-Singular<\/a><\/p>\n<p><a href=\"https:\/\/blogsaverroes.juntadeandalucia.es\/iesvirgendelmar\/files\/2020\/05\/Escribir-n\u00fameros.pdf\">Escribir n\u00fameros<\/a> <a href=\"https:\/\/blogsaverroes.juntadeandalucia.es\/iesvirgendelmar\/files\/2020\/05\/Monedas.pdf\">Monedas<\/a> <a href=\"https:\/\/blogsaverroes.juntadeandalucia.es\/iesvirgendelmar\/files\/2020\/05\/Resoluci\u00f3n-de-problemas.pdf\">Resoluci\u00f3n de problemas<\/a> <a href=\"https:\/\/blogsaverroes.juntadeandalucia.es\/iesvirgendelmar\/files\/2020\/05\/Restas.pdf\">Restas<\/a> <a href=\"https:\/\/blogsaverroes.juntadeandalucia.es\/iesvirgendelmar\/files\/2020\/05\/Sumas.pdf\">Sumas<\/a><\/p>\n<p>&nbsp;<\/p>\n<p style=\"text-align: center\"><span style=\"color: #0000ff\"><strong><u>TAREAS para IMAD<\/u><\/strong><\/span><\/p>\n<p><strong><u>-Asignatura de Lengua Castellana<\/u>:<\/strong><em> <span style=\"color: #ff6600\">(Terminar las actividades de la semana anterior)<\/span><\/em><\/p>\n<p><strong><em>Actividad 1<\/em>. Ordenar las frases: <\/strong>Copiar las frases y ordenar. <span style=\"color: #ff0000\">ENVIAR foto para corregir.<\/span><\/p>\n<p><strong><em>Actividad 2<\/em><\/strong>: <strong>Plural y Singular: <\/strong>Copiar y completar. <strong><u>Ver video yotube<\/u><\/strong>. <span style=\"color: #ff0000\">ENVIAR foto para corregir. <span style=\"color: #000000\"><em>El v\u00eddeo lo pod\u00e9is ver en la las actividades de la semana pasada.<\/em><\/span><\/span><\/p>\n<p><strong><u>-Asignatura de Matem\u00e1ticas<\/u><\/strong><\/p>\n<p><strong><em>Actividad 1<\/em>: C\u00e1lculo y numeraci\u00f3n<\/strong>: Realiza las operaciones.<span style=\"color: #ff0000\">ENVIAR foto para corregir<\/span><\/p>\n<p><a href=\"https:\/\/blogsaverroes.juntadeandalucia.es\/iesvirgendelmar\/files\/2020\/05\/Ordenar-frases-1.pdf\">Ordenar frases<\/a> <a href=\"https:\/\/blogsaverroes.juntadeandalucia.es\/iesvirgendelmar\/files\/2020\/05\/Plural-Singular-1.pdf\">Plural-Singular<\/a><\/p>\n<p><a href=\"https:\/\/blogsaverroes.juntadeandalucia.es\/iesvirgendelmar\/files\/2020\/05\/C\u00e1lculo-y-numeraci\u00f3n.pdf\">C\u00e1lculo y numeraci\u00f3n<\/a><\/p>\n<p style=\"text-align: center\"><span style=\"color: #0000ff\"><strong><u>TAREAS para ANTONIO<\/u><\/strong><\/span><\/p>\n<p><strong><u>-Asignatura de Lengua Castellana<\/u>: <\/strong><\/p>\n<p><strong><em>Actividad 1<\/em>. Lectoescritura 1 y 2: <\/strong>Leer, comprender y copiar las palabras<\/p>\n<p><strong><u>-Asignatura de Matem\u00e1ticas :<\/u><\/strong><em><span style=\"color: #ff6600\">(Terminar las actividades de la semana anterior)<\/span><\/em><\/p>\n<p><strong><em>Actividad 1<\/em>: C\u00e1lculo y numeraci\u00f3n<\/strong>: Copiar y realizar las operaciones. <span style=\"color: #ff0000\">ENVIAR foto de la p\u00e1gina 1 y 3 para corregir<\/span><\/p>\n<p><a href=\"https:\/\/blogsaverroes.juntadeandalucia.es\/iesvirgendelmar\/files\/2020\/05\/Lectoescritura-1.pdf\">Lectoescritura 1<\/a> <a href=\"https:\/\/blogsaverroes.juntadeandalucia.es\/iesvirgendelmar\/files\/2020\/05\/Lectoescritura-2-1.pdf\">Lectoescritura 2 (1)<\/a><\/p>\n<p><a href=\"https:\/\/blogsaverroes.juntadeandalucia.es\/iesvirgendelmar\/files\/2020\/05\/C\u00e1lculo-y-numeraci\u00f3n-1.pdf\">C\u00e1lculo y numeraci\u00f3n<\/a><\/p>\n<p style=\"text-align: center\"><span style=\"color: #0000ff\"><strong><u>TAREAS para ANTONIO, KEVIN, IMAD Y LUIS<\/u><\/strong><\/span><\/p>\n<p><strong><u>Asignatura de Ciencias Sociales<\/u><\/strong><em><span style=\"color: #ff6600\">(Terminar las actividades de la semana anterior)<\/span><\/em><\/p>\n<p><strong><em>Actividad 1:<\/em> Dibujo Pueblo y Ciudad:<\/strong> Realiza un dibujo de un pueblo (Casas peque\u00f1as y calles estrechas) y de una ciudad ( pisos altos y calles anchas) que se vea claramente la diferencia.<strong><u> Ver video yotube.<\/u><\/strong> <span style=\"color: #ff0000\">ENVIAR foto para corregir <\/span><em>El v\u00eddeo lo pod\u00e9is ver en la las actividades de la semana pasada.<\/em><\/p>\n<p style=\"text-align: center\"><span style=\"color: #0000ff\"><strong><u>TAREAS para ANA<\/u><\/strong><\/span><\/p>\n<p><strong><u>-Asignatura de Lengua Castellana<\/u>: <\/strong><\/p>\n<p><strong><em>Actividad 1.<\/em> Lecturas: <\/strong>Escuchar lecturas comprensivas y responder a las preguntas de forma verbal. <span style=\"color: #ff0000\">ENVIAR para corregir<\/span><\/p>\n<p><strong><em>Actividad 2<\/em>.<\/strong> <strong>Contin\u00faa la frase y completa con un adjetivo:<\/strong> Se le dice un sustantivo ( por ejemplo: La mesa) y se le pregunta \u00bfC\u00f3mo es\/est\u00e1 la mesa?. Y tiene que decir por ejemplo: La mesa es grande. Usamos estas palabras: <strong>La silla, La ni\u00f1a, El coche, La libreta, La flor.<\/strong> <span style=\"color: #ff0000\">ENVIAR para corregir<\/span><\/p>\n<p><strong><u>-Asignatura de Matem\u00e1ticas: <\/u><\/strong><\/p>\n<p><strong><em>Actividad 1<\/em>. Decir todos los d\u00edas de la semana, meses del a\u00f1o y estaciones<\/strong> <span style=\"color: #ff0000\">ENVIAR para corregir<\/span><\/p>\n<p><strong><u>-Asignatura de Ciencias Sociales:<\/u><\/strong><\/p>\n<p><strong><em>Actividad 1: <\/em><\/strong><strong>Concepto arriba-abajo<\/strong>: Escuchamos y bailamos la canci\u00f3n de \u201c El baile del gorila\u201d del Cantajuegos. Escondemos objetos arriba y abajo de otro objeto. Preguntamos \u00bfd\u00f3nde esta el objeto arriba o abajo? <span style=\"color: #ff0000\">ENVIAR para corregir.<\/span><\/p>\n<hr>\n<ol>\n<li><strong><u>REALIZACI\u00d3N Y ENTREGA DE LAS ACTIVIDADES<\/u><\/strong><\/li>\n<\/ol>\n<p>Las actividades se <strong><u>copiar\u00e1n en libreta. <\/u><\/strong><strong>Por favor, poner en la parte de<u> arriba la fecha.<\/u><\/strong><\/p>\n<p>Cuando se terminen las actividades se le har\u00e1 una <strong><u>foto<\/u><\/strong> y se <strong><u>enviar\u00e1 al correo electr\u00f3nico<\/u><\/strong>:<\/p>\n<ul>\n<li><a href=\"mailto:maestraptmar@gmail.com\">maestraptmar@gmail.com<\/a><\/li>\n<\/ul>\n<p><strong><u>La ENTREGA DE LAS ACTIVIDADES<\/u><\/strong>, ser\u00e1 como fecha l\u00edmite:<\/p>\n<p style=\"text-align: center\"><strong><u>El 10 de mayo.<\/u><\/strong><\/p>\n<p>Si hay alguna duda contactar conmigo a trav\u00e9s del correo o por el grupo de whatsapp.<\/p>\n<p>&nbsp;<\/p>\n<p style=\"text-align: center\"><strong><em>\u00a1\u00a1\u00a1A por todas!!!<\/em><\/strong><\/p>\n<p>&nbsp;<\/p>\n","protected":false},"excerpt":{"rendered":"<p>AULA ESPEC\u00cdFICA_Educaci\u00f3n Especial- TAREA SEMANAL (Del 5&nbsp; al 10 de mayo) Profesora: M\u00aa del Mar S\u00e1nchez S\u00e1nchez \u00a1\u00a1\u00a1\u00c1nimo, vamos muy bien!!! La 4\u00ba semana de trabajo. Ya estamos en mayo y se va haciendo&#46;&#46;&#46;<\/p>\n","protected":false},"author":3634,"featured_media":0,"comment_status":"open","ping_status":"open","sticky":false,"template":"","format":"standard","meta":{"ngg_post_thumbnail":0,"footnotes":""},"categories":[743151],"tags":[],"aioseo_notices":[],"_links":{"self":[{"href":"https:\/\/blogsaverroes.juntadeandalucia.es\/iesvirgendelmar\/wp-json\/wp\/v2\/posts\/3925"}],"collection":[{"href":"https:\/\/blogsaverroes.juntadeandalucia.es\/iesvirgendelmar\/wp-json\/wp\/v2\/posts"}],"about":[{"href":"https:\/\/blogsaverroes.juntadeandalucia.es\/iesvirgendelmar\/wp-json\/wp\/v2\/types\/post"}],"author":[{"embeddable":true,"href":"https:\/\/blogsaverroes.juntadeandalucia.es\/iesvirgendelmar\/wp-json\/wp\/v2\/users\/3634"}],"replies":[{"embeddable":true,"href":"https:\/\/blogsaverroes.juntadeandalucia.es\/iesvirgendelmar\/wp-json\/wp\/v2\/comments?post=3925"}],"version-history":[{"count":7,"href":"https:\/\/blogsaverroes.juntadeandalucia.es\/iesvirgendelmar\/wp-json\/wp\/v2\/posts\/3925\/revisions"}],"predecessor-version":[{"id":3963,"href":"https:\/\/blogsaverroes.juntadeandalucia.es\/iesvirgendelmar\/wp-json\/wp\/v2\/posts\/3925\/revisions\/3963"}],"wp:attachment":[{"href":"https:\/\/blogsaverroes.juntadeandalucia.es\/iesvirgendelmar\/wp-json\/wp\/v2\/media?parent=3925"}],"wp:term":[{"taxonomy":"category","embeddable":true,"href":"https:\/\/blogsaverroes.juntadeandalucia.es\/iesvirgendelmar\/wp-json\/wp\/v2\/categories?post=3925"},{"taxonomy":"post_tag","embeddable":true,"href":"https:\/\/blogsaverroes.juntadeandalucia.es\/iesvirgendelmar\/wp-json\/wp\/v2\/tags?post=3925"}],"curies":[{"name":"wp","href":"https:\/\/api.w.org\/{rel}","templated":true}]}}