{"id":4797,"date":"2020-05-20T11:34:36","date_gmt":"2020-05-20T11:34:36","guid":{"rendered":"https:\/\/blogsaverroes.juntadeandalucia.es\/iesvirgendelmar\/?p=4797"},"modified":"2020-05-20T11:34:36","modified_gmt":"2020-05-20T11:34:36","slug":"2o-musica-semana-del-18-al-22-de-mayo","status":"publish","type":"post","link":"https:\/\/blogsaverroes.juntadeandalucia.es\/iesvirgendelmar\/2020\/05\/20\/2o-musica-semana-del-18-al-22-de-mayo\/","title":{"rendered":"2\u00ba M\u00daSICA. Semana del 18 al 22 de mayo."},"content":{"rendered":"<p>(Profesor: Francisco Cort\u00e9s S\u00e1nchez)<\/p>\n<p>Volvemos a tratar uno de los contenidos b\u00e1sicos del temario, nos servir\u00e1 de refuerzo y recuperaci\u00f3n<\/p>\n<p><!--more--><\/p>\n<p>Nos refereimos a la altura del sonido<\/p>\n<p><a href=\"https:\/\/docs.google.com\/forms\/d\/e\/1FAIpQLSeUqPLoLwoMKq7AYHy-d_t1AGghbFYSPX_l129fkKg5HOvzVQ\/viewform\" target=\"_blank\" rel=\"noopener noreferrer\">CUESTIONARIO<\/a><\/p>\n","protected":false},"excerpt":{"rendered":"<p>(Profesor: Francisco Cort\u00e9s S\u00e1nchez) Volvemos a tratar uno de los contenidos b\u00e1sicos del temario, nos servir\u00e1 de refuerzo y recuperaci\u00f3n<\/p>\n","protected":false},"author":8854,"featured_media":0,"comment_status":"open","ping_status":"open","sticky":false,"template":"","format":"standard","meta":{"ngg_post_thumbnail":0,"footnotes":""},"categories":[173],"tags":[743134,743129],"aioseo_notices":[],"_links":{"self":[{"href":"https:\/\/blogsaverroes.juntadeandalucia.es\/iesvirgendelmar\/wp-json\/wp\/v2\/posts\/4797"}],"collection":[{"href":"https:\/\/blogsaverroes.juntadeandalucia.es\/iesvirgendelmar\/wp-json\/wp\/v2\/posts"}],"about":[{"href":"https:\/\/blogsaverroes.juntadeandalucia.es\/iesvirgendelmar\/wp-json\/wp\/v2\/types\/post"}],"author":[{"embeddable":true,"href":"https:\/\/blogsaverroes.juntadeandalucia.es\/iesvirgendelmar\/wp-json\/wp\/v2\/users\/8854"}],"replies":[{"embeddable":true,"href":"https:\/\/blogsaverroes.juntadeandalucia.es\/iesvirgendelmar\/wp-json\/wp\/v2\/comments?post=4797"}],"version-history":[{"count":1,"href":"https:\/\/blogsaverroes.juntadeandalucia.es\/iesvirgendelmar\/wp-json\/wp\/v2\/posts\/4797\/revisions"}],"predecessor-version":[{"id":4798,"href":"https:\/\/blogsaverroes.juntadeandalucia.es\/iesvirgendelmar\/wp-json\/wp\/v2\/posts\/4797\/revisions\/4798"}],"wp:attachment":[{"href":"https:\/\/blogsaverroes.juntadeandalucia.es\/iesvirgendelmar\/wp-json\/wp\/v2\/media?parent=4797"}],"wp:term":[{"taxonomy":"category","embeddable":true,"href":"https:\/\/blogsaverroes.juntadeandalucia.es\/iesvirgendelmar\/wp-json\/wp\/v2\/categories?post=4797"},{"taxonomy":"post_tag","embeddable":true,"href":"https:\/\/blogsaverroes.juntadeandalucia.es\/iesvirgendelmar\/wp-json\/wp\/v2\/tags?post=4797"}],"curies":[{"name":"wp","href":"https:\/\/api.w.org\/{rel}","templated":true}]}}