{"id":5389,"date":"2020-06-01T17:34:38","date_gmt":"2020-06-01T17:34:38","guid":{"rendered":"https:\/\/blogsaverroes.juntadeandalucia.es\/iesvirgendelmar\/?p=5389"},"modified":"2020-06-01T17:34:38","modified_gmt":"2020-06-01T17:34:38","slug":"1o-eso-a-y-b-musica-semana-del-1-al-5-de-junio","status":"publish","type":"post","link":"https:\/\/blogsaverroes.juntadeandalucia.es\/iesvirgendelmar\/2020\/06\/01\/1o-eso-a-y-b-musica-semana-del-1-al-5-de-junio\/","title":{"rendered":"1\u00ba ESO A y B. M\u00daSICA. Semana del 1 al 5 de junio."},"content":{"rendered":"<p>(Profesor: Francisco Cort\u00e9s S\u00e1nchez)<\/p>\n<p>Esta semana seguimos repasando las cualidades b\u00e1sicas del sonido<\/p>\n<p><!--more--><\/p>\n<p>Trabajaremos con la duraci\u00f3n del sonido a trav\u00e9s del siguiente cuestionario. <a href=\"https:\/\/docs.google.com\/forms\/d\/e\/1FAIpQLSdKg3bhvv0qhvA2J7CyopPIc1arzCSl-FLBYDVhw3v7do5Agw\/viewform\" target=\"_blank\" rel=\"noopener noreferrer\">CUESTIONARIO<\/a><\/p>\n<p>&nbsp;<\/p>\n","protected":false},"excerpt":{"rendered":"<p>(Profesor: Francisco Cort\u00e9s S\u00e1nchez) Esta semana seguimos repasando las cualidades b\u00e1sicas del sonido<\/p>\n","protected":false},"author":8854,"featured_media":0,"comment_status":"open","ping_status":"open","sticky":false,"template":"","format":"standard","meta":{"ngg_post_thumbnail":0,"footnotes":""},"categories":[173],"tags":[743130,743131,743129],"aioseo_notices":[],"_links":{"self":[{"href":"https:\/\/blogsaverroes.juntadeandalucia.es\/iesvirgendelmar\/wp-json\/wp\/v2\/posts\/5389"}],"collection":[{"href":"https:\/\/blogsaverroes.juntadeandalucia.es\/iesvirgendelmar\/wp-json\/wp\/v2\/posts"}],"about":[{"href":"https:\/\/blogsaverroes.juntadeandalucia.es\/iesvirgendelmar\/wp-json\/wp\/v2\/types\/post"}],"author":[{"embeddable":true,"href":"https:\/\/blogsaverroes.juntadeandalucia.es\/iesvirgendelmar\/wp-json\/wp\/v2\/users\/8854"}],"replies":[{"embeddable":true,"href":"https:\/\/blogsaverroes.juntadeandalucia.es\/iesvirgendelmar\/wp-json\/wp\/v2\/comments?post=5389"}],"version-history":[{"count":1,"href":"https:\/\/blogsaverroes.juntadeandalucia.es\/iesvirgendelmar\/wp-json\/wp\/v2\/posts\/5389\/revisions"}],"predecessor-version":[{"id":5390,"href":"https:\/\/blogsaverroes.juntadeandalucia.es\/iesvirgendelmar\/wp-json\/wp\/v2\/posts\/5389\/revisions\/5390"}],"wp:attachment":[{"href":"https:\/\/blogsaverroes.juntadeandalucia.es\/iesvirgendelmar\/wp-json\/wp\/v2\/media?parent=5389"}],"wp:term":[{"taxonomy":"category","embeddable":true,"href":"https:\/\/blogsaverroes.juntadeandalucia.es\/iesvirgendelmar\/wp-json\/wp\/v2\/categories?post=5389"},{"taxonomy":"post_tag","embeddable":true,"href":"https:\/\/blogsaverroes.juntadeandalucia.es\/iesvirgendelmar\/wp-json\/wp\/v2\/tags?post=5389"}],"curies":[{"name":"wp","href":"https:\/\/api.w.org\/{rel}","templated":true}]}}