{"id":5518,"date":"2020-06-22T07:00:33","date_gmt":"2020-06-22T07:00:33","guid":{"rendered":"https:\/\/blogsaverroes.juntadeandalucia.es\/iesvirgendelmar\/?p=5518"},"modified":"2020-06-07T12:43:27","modified_gmt":"2020-06-07T12:43:27","slug":"4o-eso-lengua-castellana-y-literatura-semana-22-de-junio","status":"publish","type":"post","link":"https:\/\/blogsaverroes.juntadeandalucia.es\/iesvirgendelmar\/2020\/06\/22\/4o-eso-lengua-castellana-y-literatura-semana-22-de-junio\/","title":{"rendered":"4\u00ba ESO. Lengua Castellana y Literatura. Semana 22 de Junio"},"content":{"rendered":"<p>(Profesora: Mar\u00eda Jos\u00e9 Ruano)<\/p>\n<p>CHicos!!!!!!! deseo que teng\u00e1is un maravilloso verano, que aunque raro en septiembre pod\u00e1is empezar todos los proyectos nuevos que ten\u00e9is en mente. Ojal\u00e1 pueda volver a veros para despedirme de vosotros. Un saludo y mucha suerte!<\/p>\n","protected":false},"excerpt":{"rendered":"<p>(Profesora: Mar\u00eda Jos\u00e9 Ruano) CHicos!!!!!!! deseo que teng\u00e1is un maravilloso verano, que aunque raro en septiembre pod\u00e1is empezar todos los proyectos nuevos que ten\u00e9is en mente. Ojal\u00e1 pueda volver a veros para despedirme de&#46;&#46;&#46;<\/p>\n","protected":false},"author":8785,"featured_media":0,"comment_status":"open","ping_status":"open","sticky":false,"template":"","format":"standard","meta":{"ngg_post_thumbnail":0,"footnotes":""},"categories":[761],"tags":[],"aioseo_notices":[],"_links":{"self":[{"href":"https:\/\/blogsaverroes.juntadeandalucia.es\/iesvirgendelmar\/wp-json\/wp\/v2\/posts\/5518"}],"collection":[{"href":"https:\/\/blogsaverroes.juntadeandalucia.es\/iesvirgendelmar\/wp-json\/wp\/v2\/posts"}],"about":[{"href":"https:\/\/blogsaverroes.juntadeandalucia.es\/iesvirgendelmar\/wp-json\/wp\/v2\/types\/post"}],"author":[{"embeddable":true,"href":"https:\/\/blogsaverroes.juntadeandalucia.es\/iesvirgendelmar\/wp-json\/wp\/v2\/users\/8785"}],"replies":[{"embeddable":true,"href":"https:\/\/blogsaverroes.juntadeandalucia.es\/iesvirgendelmar\/wp-json\/wp\/v2\/comments?post=5518"}],"version-history":[{"count":1,"href":"https:\/\/blogsaverroes.juntadeandalucia.es\/iesvirgendelmar\/wp-json\/wp\/v2\/posts\/5518\/revisions"}],"predecessor-version":[{"id":5519,"href":"https:\/\/blogsaverroes.juntadeandalucia.es\/iesvirgendelmar\/wp-json\/wp\/v2\/posts\/5518\/revisions\/5519"}],"wp:attachment":[{"href":"https:\/\/blogsaverroes.juntadeandalucia.es\/iesvirgendelmar\/wp-json\/wp\/v2\/media?parent=5518"}],"wp:term":[{"taxonomy":"category","embeddable":true,"href":"https:\/\/blogsaverroes.juntadeandalucia.es\/iesvirgendelmar\/wp-json\/wp\/v2\/categories?post=5518"},{"taxonomy":"post_tag","embeddable":true,"href":"https:\/\/blogsaverroes.juntadeandalucia.es\/iesvirgendelmar\/wp-json\/wp\/v2\/tags?post=5518"}],"curies":[{"name":"wp","href":"https:\/\/api.w.org\/{rel}","templated":true}]}}