{"id":5832,"date":"2020-06-15T08:17:28","date_gmt":"2020-06-15T08:17:28","guid":{"rendered":"https:\/\/blogsaverroes.juntadeandalucia.es\/iesvirgendelmar\/?p=5832"},"modified":"2020-06-15T08:17:28","modified_gmt":"2020-06-15T08:17:28","slug":"4o-eso-plastica-epva-semana-del-15-al-19-de-junio","status":"publish","type":"post","link":"https:\/\/blogsaverroes.juntadeandalucia.es\/iesvirgendelmar\/2020\/06\/15\/4o-eso-plastica-epva-semana-del-15-al-19-de-junio\/","title":{"rendered":"4\u00ba ESO  PL\u00c1STICA   (EPVA) Semana del 15 al 19 de junio"},"content":{"rendered":"<p>Profesor: Luis Ayala Ortega<\/p>\n<p>\u00a1 Hola chic@s !<!--more--><\/p>\n<p>Durante estas semanas vamos a repasar y recuperar contenidos de otros trimestres, actividades de repaso propias del curso.<\/p>\n<p>Utilizando <strong>elementos b\u00e1sicos<\/strong> del lenguaje pl\u00e1stico (<strong>l\u00edneas<\/strong> de distintos tipos<strong>, puntos<\/strong> de tama\u00f1os diferentes y <strong>planos<\/strong>\u00a0 de colores variados ) \u00a0realizaremos una composici\u00f3n cuya tem\u00e1tica ser\u00e1 la de un paisaje marino.<\/p>\n<p>Los materiales que podemos utilizar son:\u00a0 rotuladores y l\u00e1pices de colores.<\/p>\n<p>Formato A-4 (tama\u00f1o folio) equilibrio, armon\u00eda y limpieza ser\u00e1n valores a tener en cuenta en el resultado final del ejercicio.<\/p>\n<p>Un saludo y\u00a0 \u00e1nimo, ya queda poco.\u00a0\u00a0\u00a0\u00a0\u00a0\u00a0\u00a0\u00a0\u00a0\u00a0\u00a0\u00a0\u00a0\u00a0\u00a0\u00a0 layort@hotmail.es<\/p>\n","protected":false},"excerpt":{"rendered":"<p>Profesor: Luis Ayala Ortega \u00a1 Hola chic@s !<\/p>\n","protected":false},"author":9694,"featured_media":0,"comment_status":"open","ping_status":"open","sticky":false,"template":"","format":"standard","meta":{"ngg_post_thumbnail":0,"footnotes":""},"categories":[3553],"tags":[],"aioseo_notices":[],"_links":{"self":[{"href":"https:\/\/blogsaverroes.juntadeandalucia.es\/iesvirgendelmar\/wp-json\/wp\/v2\/posts\/5832"}],"collection":[{"href":"https:\/\/blogsaverroes.juntadeandalucia.es\/iesvirgendelmar\/wp-json\/wp\/v2\/posts"}],"about":[{"href":"https:\/\/blogsaverroes.juntadeandalucia.es\/iesvirgendelmar\/wp-json\/wp\/v2\/types\/post"}],"author":[{"embeddable":true,"href":"https:\/\/blogsaverroes.juntadeandalucia.es\/iesvirgendelmar\/wp-json\/wp\/v2\/users\/9694"}],"replies":[{"embeddable":true,"href":"https:\/\/blogsaverroes.juntadeandalucia.es\/iesvirgendelmar\/wp-json\/wp\/v2\/comments?post=5832"}],"version-history":[{"count":1,"href":"https:\/\/blogsaverroes.juntadeandalucia.es\/iesvirgendelmar\/wp-json\/wp\/v2\/posts\/5832\/revisions"}],"predecessor-version":[{"id":5833,"href":"https:\/\/blogsaverroes.juntadeandalucia.es\/iesvirgendelmar\/wp-json\/wp\/v2\/posts\/5832\/revisions\/5833"}],"wp:attachment":[{"href":"https:\/\/blogsaverroes.juntadeandalucia.es\/iesvirgendelmar\/wp-json\/wp\/v2\/media?parent=5832"}],"wp:term":[{"taxonomy":"category","embeddable":true,"href":"https:\/\/blogsaverroes.juntadeandalucia.es\/iesvirgendelmar\/wp-json\/wp\/v2\/categories?post=5832"},{"taxonomy":"post_tag","embeddable":true,"href":"https:\/\/blogsaverroes.juntadeandalucia.es\/iesvirgendelmar\/wp-json\/wp\/v2\/tags?post=5832"}],"curies":[{"name":"wp","href":"https:\/\/api.w.org\/{rel}","templated":true}]}}