{"id":6614,"date":"2021-06-17T11:30:47","date_gmt":"2021-06-17T11:30:47","guid":{"rendered":"https:\/\/blogsaverroes.juntadeandalucia.es\/iesvirgendelmar\/?p=6614"},"modified":"2021-06-17T11:30:47","modified_gmt":"2021-06-17T11:30:47","slug":"excursiones-aula-especifica","status":"publish","type":"post","link":"https:\/\/blogsaverroes.juntadeandalucia.es\/iesvirgendelmar\/2021\/06\/17\/excursiones-aula-especifica\/","title":{"rendered":"Excursiones Aula Espec\u00edfica"},"content":{"rendered":"<p>Buenas a tod@s!!!<\/p>\n<p>Os dejo las fotos de las dos excursiones que hemos realizado con nuestros chicos de FBO.<\/p>\n<p>La primera excursi\u00f3n la realizamos al Centro Ocupacional de Adra, gracias a su Directora Rosa y a Lourdes la Psic\u00f3loga organizamos una visita para ver las instalaciones y realizar tres talleres: cocina creativa, jardiner\u00eda y restauraci\u00f3n de muebles. Adem\u00e1s tuvimos un desayuno en su preciosa terraza.<\/p>\n<p>La segunda Excursi\u00f3n fue una visita a varios de los museos y centros culturales de nuestra querida Adra: el Centro de Pesca y el Refugio de la Torre de los Perdigones. Adem\u00e1s tuvimos un delicioso desayuno de convivencia en el paseo del Parque, churros con chocolates \ud83d\ude42<\/p>\n<p>&nbsp;<\/p>\n<p><a href=\"https:\/\/blogsaverroes.juntadeandalucia.es\/iesvirgendelmar\/files\/2021\/06\/WhatsApp-Image-2021-06-08-at-16.44.43-1.jpeg\"><img loading=\"lazy\" decoding=\"async\" class=\"alignnone size-medium wp-image-6615\" src=\"https:\/\/blogsaverroes.juntadeandalucia.es\/iesvirgendelmar\/files\/2021\/06\/WhatsApp-Image-2021-06-08-at-16.44.43-1-138x300.jpeg\" alt=\"\" width=\"138\" height=\"300\" srcset=\"https:\/\/blogsaverroes.juntadeandalucia.es\/iesvirgendelmar\/files\/2021\/06\/WhatsApp-Image-2021-06-08-at-16.44.43-1-138x300.jpeg 138w, https:\/\/blogsaverroes.juntadeandalucia.es\/iesvirgendelmar\/files\/2021\/06\/WhatsApp-Image-2021-06-08-at-16.44.43-1-473x1024.jpeg 473w, https:\/\/blogsaverroes.juntadeandalucia.es\/iesvirgendelmar\/files\/2021\/06\/WhatsApp-Image-2021-06-08-at-16.44.43-1-768x1664.jpeg 768w, https:\/\/blogsaverroes.juntadeandalucia.es\/iesvirgendelmar\/files\/2021\/06\/WhatsApp-Image-2021-06-08-at-16.44.43-1-709x1536.jpeg 709w, https:\/\/blogsaverroes.juntadeandalucia.es\/iesvirgendelmar\/files\/2021\/06\/WhatsApp-Image-2021-06-08-at-16.44.43-1.jpeg 923w\" sizes=\"(max-width: 138px) 100vw, 138px\" \/><\/a> <a href=\"https:\/\/blogsaverroes.juntadeandalucia.es\/iesvirgendelmar\/files\/2021\/06\/WhatsApp-Image-2021-06-08-at-16.44.43.jpeg\"><img loading=\"lazy\" decoding=\"async\" class=\"alignnone size-medium wp-image-6616\" src=\"https:\/\/blogsaverroes.juntadeandalucia.es\/iesvirgendelmar\/files\/2021\/06\/WhatsApp-Image-2021-06-08-at-16.44.43-138x300.jpeg\" alt=\"\" width=\"138\" height=\"300\" srcset=\"https:\/\/blogsaverroes.juntadeandalucia.es\/iesvirgendelmar\/files\/2021\/06\/WhatsApp-Image-2021-06-08-at-16.44.43-138x300.jpeg 138w, https:\/\/blogsaverroes.juntadeandalucia.es\/iesvirgendelmar\/files\/2021\/06\/WhatsApp-Image-2021-06-08-at-16.44.43-473x1024.jpeg 473w, https:\/\/blogsaverroes.juntadeandalucia.es\/iesvirgendelmar\/files\/2021\/06\/WhatsApp-Image-2021-06-08-at-16.44.43-768x1664.jpeg 768w, https:\/\/blogsaverroes.juntadeandalucia.es\/iesvirgendelmar\/files\/2021\/06\/WhatsApp-Image-2021-06-08-at-16.44.43-709x1536.jpeg 709w, https:\/\/blogsaverroes.juntadeandalucia.es\/iesvirgendelmar\/files\/2021\/06\/WhatsApp-Image-2021-06-08-at-16.44.43.jpeg 923w\" sizes=\"(max-width: 138px) 100vw, 138px\" \/><\/a> <a href=\"https:\/\/blogsaverroes.juntadeandalucia.es\/iesvirgendelmar\/files\/2021\/06\/WhatsApp-Image-2021-06-08-at-16.44.44-1.jpeg\"><img loading=\"lazy\" decoding=\"async\" class=\"alignnone size-medium wp-image-6617\" src=\"https:\/\/blogsaverroes.juntadeandalucia.es\/iesvirgendelmar\/files\/2021\/06\/WhatsApp-Image-2021-06-08-at-16.44.44-1-300x138.jpeg\" alt=\"\" width=\"300\" height=\"138\" srcset=\"https:\/\/blogsaverroes.juntadeandalucia.es\/iesvirgendelmar\/files\/2021\/06\/WhatsApp-Image-2021-06-08-at-16.44.44-1-300x138.jpeg 300w, https:\/\/blogsaverroes.juntadeandalucia.es\/iesvirgendelmar\/files\/2021\/06\/WhatsApp-Image-2021-06-08-at-16.44.44-1-1024x473.jpeg 1024w, https:\/\/blogsaverroes.juntadeandalucia.es\/iesvirgendelmar\/files\/2021\/06\/WhatsApp-Image-2021-06-08-at-16.44.44-1-768x354.jpeg 768w, https:\/\/blogsaverroes.juntadeandalucia.es\/iesvirgendelmar\/files\/2021\/06\/WhatsApp-Image-2021-06-08-at-16.44.44-1-1536x709.jpeg 1536w, https:\/\/blogsaverroes.juntadeandalucia.es\/iesvirgendelmar\/files\/2021\/06\/WhatsApp-Image-2021-06-08-at-16.44.44-1.jpeg 2000w\" sizes=\"(max-width: 300px) 100vw, 300px\" \/><\/a> <a href=\"https:\/\/blogsaverroes.juntadeandalucia.es\/iesvirgendelmar\/files\/2021\/06\/WhatsApp-Image-2021-06-08-at-16.44.44-2.jpeg\"><img loading=\"lazy\" decoding=\"async\" class=\"alignnone size-medium wp-image-6618\" src=\"https:\/\/blogsaverroes.juntadeandalucia.es\/iesvirgendelmar\/files\/2021\/06\/WhatsApp-Image-2021-06-08-at-16.44.44-2-300x138.jpeg\" alt=\"\" width=\"300\" height=\"138\" srcset=\"https:\/\/blogsaverroes.juntadeandalucia.es\/iesvirgendelmar\/files\/2021\/06\/WhatsApp-Image-2021-06-08-at-16.44.44-2-300x138.jpeg 300w, https:\/\/blogsaverroes.juntadeandalucia.es\/iesvirgendelmar\/files\/2021\/06\/WhatsApp-Image-2021-06-08-at-16.44.44-2-1024x473.jpeg 1024w, https:\/\/blogsaverroes.juntadeandalucia.es\/iesvirgendelmar\/files\/2021\/06\/WhatsApp-Image-2021-06-08-at-16.44.44-2-768x354.jpeg 768w, https:\/\/blogsaverroes.juntadeandalucia.es\/iesvirgendelmar\/files\/2021\/06\/WhatsApp-Image-2021-06-08-at-16.44.44-2-1536x709.jpeg 1536w, https:\/\/blogsaverroes.juntadeandalucia.es\/iesvirgendelmar\/files\/2021\/06\/WhatsApp-Image-2021-06-08-at-16.44.44-2.jpeg 2000w\" sizes=\"(max-width: 300px) 100vw, 300px\" \/><\/a> <a href=\"https:\/\/blogsaverroes.juntadeandalucia.es\/iesvirgendelmar\/files\/2021\/06\/WhatsApp-Image-2021-06-08-at-16.44.44.jpeg\"><img loading=\"lazy\" decoding=\"async\" class=\"alignnone size-medium wp-image-6619\" src=\"https:\/\/blogsaverroes.juntadeandalucia.es\/iesvirgendelmar\/files\/2021\/06\/WhatsApp-Image-2021-06-08-at-16.44.44-138x300.jpeg\" alt=\"\" width=\"138\" height=\"300\" srcset=\"https:\/\/blogsaverroes.juntadeandalucia.es\/iesvirgendelmar\/files\/2021\/06\/WhatsApp-Image-2021-06-08-at-16.44.44-138x300.jpeg 138w, https:\/\/blogsaverroes.juntadeandalucia.es\/iesvirgendelmar\/files\/2021\/06\/WhatsApp-Image-2021-06-08-at-16.44.44-473x1024.jpeg 473w, https:\/\/blogsaverroes.juntadeandalucia.es\/iesvirgendelmar\/files\/2021\/06\/WhatsApp-Image-2021-06-08-at-16.44.44-768x1664.jpeg 768w, https:\/\/blogsaverroes.juntadeandalucia.es\/iesvirgendelmar\/files\/2021\/06\/WhatsApp-Image-2021-06-08-at-16.44.44-709x1536.jpeg 709w, https:\/\/blogsaverroes.juntadeandalucia.es\/iesvirgendelmar\/files\/2021\/06\/WhatsApp-Image-2021-06-08-at-16.44.44.jpeg 923w\" sizes=\"(max-width: 138px) 100vw, 138px\" \/><\/a> <a href=\"https:\/\/blogsaverroes.juntadeandalucia.es\/iesvirgendelmar\/files\/2021\/06\/WhatsApp-Image-2021-06-08-at-16.44.45-1.jpeg\"><img loading=\"lazy\" decoding=\"async\" class=\"alignnone size-medium wp-image-6620\" src=\"https:\/\/blogsaverroes.juntadeandalucia.es\/iesvirgendelmar\/files\/2021\/06\/WhatsApp-Image-2021-06-08-at-16.44.45-1-138x300.jpeg\" alt=\"\" width=\"138\" height=\"300\" srcset=\"https:\/\/blogsaverroes.juntadeandalucia.es\/iesvirgendelmar\/files\/2021\/06\/WhatsApp-Image-2021-06-08-at-16.44.45-1-138x300.jpeg 138w, https:\/\/blogsaverroes.juntadeandalucia.es\/iesvirgendelmar\/files\/2021\/06\/WhatsApp-Image-2021-06-08-at-16.44.45-1-473x1024.jpeg 473w, https:\/\/blogsaverroes.juntadeandalucia.es\/iesvirgendelmar\/files\/2021\/06\/WhatsApp-Image-2021-06-08-at-16.44.45-1-709x1536.jpeg 709w, https:\/\/blogsaverroes.juntadeandalucia.es\/iesvirgendelmar\/files\/2021\/06\/WhatsApp-Image-2021-06-08-at-16.44.45-1.jpeg 720w\" sizes=\"(max-width: 138px) 100vw, 138px\" \/><\/a> <a href=\"https:\/\/blogsaverroes.juntadeandalucia.es\/iesvirgendelmar\/files\/2021\/06\/WhatsApp-Image-2021-06-08-at-16.44.45-2.jpeg\"><img loading=\"lazy\" decoding=\"async\" class=\"alignnone size-medium wp-image-6621\" src=\"https:\/\/blogsaverroes.juntadeandalucia.es\/iesvirgendelmar\/files\/2021\/06\/WhatsApp-Image-2021-06-08-at-16.44.45-2-300x138.jpeg\" alt=\"\" width=\"300\" height=\"138\" srcset=\"https:\/\/blogsaverroes.juntadeandalucia.es\/iesvirgendelmar\/files\/2021\/06\/WhatsApp-Image-2021-06-08-at-16.44.45-2-300x138.jpeg 300w, https:\/\/blogsaverroes.juntadeandalucia.es\/iesvirgendelmar\/files\/2021\/06\/WhatsApp-Image-2021-06-08-at-16.44.45-2-1024x473.jpeg 1024w, https:\/\/blogsaverroes.juntadeandalucia.es\/iesvirgendelmar\/files\/2021\/06\/WhatsApp-Image-2021-06-08-at-16.44.45-2-768x354.jpeg 768w, https:\/\/blogsaverroes.juntadeandalucia.es\/iesvirgendelmar\/files\/2021\/06\/WhatsApp-Image-2021-06-08-at-16.44.45-2-1536x709.jpeg 1536w, https:\/\/blogsaverroes.juntadeandalucia.es\/iesvirgendelmar\/files\/2021\/06\/WhatsApp-Image-2021-06-08-at-16.44.45-2.jpeg 2000w\" sizes=\"(max-width: 300px) 100vw, 300px\" \/><\/a> <a href=\"https:\/\/blogsaverroes.juntadeandalucia.es\/iesvirgendelmar\/files\/2021\/06\/WhatsApp-Image-2021-06-08-at-16.44.45.jpeg\"><img loading=\"lazy\" decoding=\"async\" class=\"alignnone size-medium wp-image-6622\" src=\"https:\/\/blogsaverroes.juntadeandalucia.es\/iesvirgendelmar\/files\/2021\/06\/WhatsApp-Image-2021-06-08-at-16.44.45-138x300.jpeg\" alt=\"\" width=\"138\" height=\"300\" srcset=\"https:\/\/blogsaverroes.juntadeandalucia.es\/iesvirgendelmar\/files\/2021\/06\/WhatsApp-Image-2021-06-08-at-16.44.45-138x300.jpeg 138w, https:\/\/blogsaverroes.juntadeandalucia.es\/iesvirgendelmar\/files\/2021\/06\/WhatsApp-Image-2021-06-08-at-16.44.45-473x1024.jpeg 473w, https:\/\/blogsaverroes.juntadeandalucia.es\/iesvirgendelmar\/files\/2021\/06\/WhatsApp-Image-2021-06-08-at-16.44.45-768x1664.jpeg 768w, https:\/\/blogsaverroes.juntadeandalucia.es\/iesvirgendelmar\/files\/2021\/06\/WhatsApp-Image-2021-06-08-at-16.44.45-709x1536.jpeg 709w, https:\/\/blogsaverroes.juntadeandalucia.es\/iesvirgendelmar\/files\/2021\/06\/WhatsApp-Image-2021-06-08-at-16.44.45.jpeg 923w\" sizes=\"(max-width: 138px) 100vw, 138px\" \/><\/a> <a href=\"https:\/\/blogsaverroes.juntadeandalucia.es\/iesvirgendelmar\/files\/2021\/06\/WhatsApp-Image-2021-06-08-at-16.44.46.jpeg\"><img loading=\"lazy\" decoding=\"async\" class=\"alignnone size-medium wp-image-6623\" src=\"https:\/\/blogsaverroes.juntadeandalucia.es\/iesvirgendelmar\/files\/2021\/06\/WhatsApp-Image-2021-06-08-at-16.44.46-138x300.jpeg\" alt=\"\" width=\"138\" height=\"300\" srcset=\"https:\/\/blogsaverroes.juntadeandalucia.es\/iesvirgendelmar\/files\/2021\/06\/WhatsApp-Image-2021-06-08-at-16.44.46-138x300.jpeg 138w, https:\/\/blogsaverroes.juntadeandalucia.es\/iesvirgendelmar\/files\/2021\/06\/WhatsApp-Image-2021-06-08-at-16.44.46-473x1024.jpeg 473w, https:\/\/blogsaverroes.juntadeandalucia.es\/iesvirgendelmar\/files\/2021\/06\/WhatsApp-Image-2021-06-08-at-16.44.46-768x1664.jpeg 768w, https:\/\/blogsaverroes.juntadeandalucia.es\/iesvirgendelmar\/files\/2021\/06\/WhatsApp-Image-2021-06-08-at-16.44.46-709x1536.jpeg 709w, https:\/\/blogsaverroes.juntadeandalucia.es\/iesvirgendelmar\/files\/2021\/06\/WhatsApp-Image-2021-06-08-at-16.44.46.jpeg 923w\" sizes=\"(max-width: 138px) 100vw, 138px\" \/><\/a> <a href=\"https:\/\/blogsaverroes.juntadeandalucia.es\/iesvirgendelmar\/files\/2021\/06\/WhatsApp-Image-2021-06-08-at-16.45.14-1.jpeg\"><img loading=\"lazy\" decoding=\"async\" class=\"alignnone size-medium wp-image-6624\" src=\"https:\/\/blogsaverroes.juntadeandalucia.es\/iesvirgendelmar\/files\/2021\/06\/WhatsApp-Image-2021-06-08-at-16.45.14-1-300x138.jpeg\" alt=\"\" width=\"300\" height=\"138\" srcset=\"https:\/\/blogsaverroes.juntadeandalucia.es\/iesvirgendelmar\/files\/2021\/06\/WhatsApp-Image-2021-06-08-at-16.45.14-1-300x138.jpeg 300w, https:\/\/blogsaverroes.juntadeandalucia.es\/iesvirgendelmar\/files\/2021\/06\/WhatsApp-Image-2021-06-08-at-16.45.14-1-1024x473.jpeg 1024w, https:\/\/blogsaverroes.juntadeandalucia.es\/iesvirgendelmar\/files\/2021\/06\/WhatsApp-Image-2021-06-08-at-16.45.14-1-768x354.jpeg 768w, https:\/\/blogsaverroes.juntadeandalucia.es\/iesvirgendelmar\/files\/2021\/06\/WhatsApp-Image-2021-06-08-at-16.45.14-1-1536x709.jpeg 1536w, https:\/\/blogsaverroes.juntadeandalucia.es\/iesvirgendelmar\/files\/2021\/06\/WhatsApp-Image-2021-06-08-at-16.45.14-1.jpeg 2000w\" sizes=\"(max-width: 300px) 100vw, 300px\" \/><\/a> <a href=\"https:\/\/blogsaverroes.juntadeandalucia.es\/iesvirgendelmar\/files\/2021\/06\/WhatsApp-Image-2021-06-08-at-16.45.14.jpeg\"><img loading=\"lazy\" decoding=\"async\" class=\"alignnone size-medium wp-image-6625\" src=\"https:\/\/blogsaverroes.juntadeandalucia.es\/iesvirgendelmar\/files\/2021\/06\/WhatsApp-Image-2021-06-08-at-16.45.14-300x138.jpeg\" alt=\"\" width=\"300\" height=\"138\" srcset=\"https:\/\/blogsaverroes.juntadeandalucia.es\/iesvirgendelmar\/files\/2021\/06\/WhatsApp-Image-2021-06-08-at-16.45.14-300x138.jpeg 300w, https:\/\/blogsaverroes.juntadeandalucia.es\/iesvirgendelmar\/files\/2021\/06\/WhatsApp-Image-2021-06-08-at-16.45.14-1024x473.jpeg 1024w, https:\/\/blogsaverroes.juntadeandalucia.es\/iesvirgendelmar\/files\/2021\/06\/WhatsApp-Image-2021-06-08-at-16.45.14-768x354.jpeg 768w, https:\/\/blogsaverroes.juntadeandalucia.es\/iesvirgendelmar\/files\/2021\/06\/WhatsApp-Image-2021-06-08-at-16.45.14-1536x709.jpeg 1536w, https:\/\/blogsaverroes.juntadeandalucia.es\/iesvirgendelmar\/files\/2021\/06\/WhatsApp-Image-2021-06-08-at-16.45.14.jpeg 2000w\" sizes=\"(max-width: 300px) 100vw, 300px\" \/><\/a> <a href=\"https:\/\/blogsaverroes.juntadeandalucia.es\/iesvirgendelmar\/files\/2021\/06\/WhatsApp-Image-2021-06-15-at-14.37.34.jpeg\"><img loading=\"lazy\" decoding=\"async\" class=\"alignnone size-medium wp-image-6626\" src=\"https:\/\/blogsaverroes.juntadeandalucia.es\/iesvirgendelmar\/files\/2021\/06\/WhatsApp-Image-2021-06-15-at-14.37.34-300x225.jpeg\" alt=\"\" width=\"300\" height=\"225\" srcset=\"https:\/\/blogsaverroes.juntadeandalucia.es\/iesvirgendelmar\/files\/2021\/06\/WhatsApp-Image-2021-06-15-at-14.37.34-300x225.jpeg 300w, https:\/\/blogsaverroes.juntadeandalucia.es\/iesvirgendelmar\/files\/2021\/06\/WhatsApp-Image-2021-06-15-at-14.37.34-1024x768.jpeg 1024w, https:\/\/blogsaverroes.juntadeandalucia.es\/iesvirgendelmar\/files\/2021\/06\/WhatsApp-Image-2021-06-15-at-14.37.34-768x576.jpeg 768w, https:\/\/blogsaverroes.juntadeandalucia.es\/iesvirgendelmar\/files\/2021\/06\/WhatsApp-Image-2021-06-15-at-14.37.34-1536x1152.jpeg 1536w, https:\/\/blogsaverroes.juntadeandalucia.es\/iesvirgendelmar\/files\/2021\/06\/WhatsApp-Image-2021-06-15-at-14.37.34.jpeg 1600w\" sizes=\"(max-width: 300px) 100vw, 300px\" \/><\/a> <a href=\"https:\/\/blogsaverroes.juntadeandalucia.es\/iesvirgendelmar\/files\/2021\/06\/WhatsApp-Image-2021-06-15-at-14.39.41.jpeg\"><img loading=\"lazy\" decoding=\"async\" class=\"alignnone size-medium wp-image-6627\" src=\"https:\/\/blogsaverroes.juntadeandalucia.es\/iesvirgendelmar\/files\/2021\/06\/WhatsApp-Image-2021-06-15-at-14.39.41-300x225.jpeg\" alt=\"\" width=\"300\" height=\"225\" srcset=\"https:\/\/blogsaverroes.juntadeandalucia.es\/iesvirgendelmar\/files\/2021\/06\/WhatsApp-Image-2021-06-15-at-14.39.41-300x225.jpeg 300w, https:\/\/blogsaverroes.juntadeandalucia.es\/iesvirgendelmar\/files\/2021\/06\/WhatsApp-Image-2021-06-15-at-14.39.41-1024x768.jpeg 1024w, https:\/\/blogsaverroes.juntadeandalucia.es\/iesvirgendelmar\/files\/2021\/06\/WhatsApp-Image-2021-06-15-at-14.39.41-768x576.jpeg 768w, https:\/\/blogsaverroes.juntadeandalucia.es\/iesvirgendelmar\/files\/2021\/06\/WhatsApp-Image-2021-06-15-at-14.39.41-1536x1152.jpeg 1536w, https:\/\/blogsaverroes.juntadeandalucia.es\/iesvirgendelmar\/files\/2021\/06\/WhatsApp-Image-2021-06-15-at-14.39.41.jpeg 1600w\" sizes=\"(max-width: 300px) 100vw, 300px\" \/><\/a><\/p>\n<p>Un saludo,<\/p>\n<p>Miriam M\u00e9rida<\/p>\n","protected":false},"excerpt":{"rendered":"<p>Buenas a tod@s!!! Os dejo las fotos de las dos excursiones que hemos realizado con nuestros chicos de FBO. La primera excursi\u00f3n la realizamos al Centro Ocupacional de Adra, gracias a su Directora Rosa&#46;&#46;&#46;<\/p>\n","protected":false},"author":12444,"featured_media":0,"comment_status":"open","ping_status":"open","sticky":false,"template":"","format":"standard","meta":{"ngg_post_thumbnail":0,"footnotes":""},"categories":[3774],"tags":[],"aioseo_notices":[],"_links":{"self":[{"href":"https:\/\/blogsaverroes.juntadeandalucia.es\/iesvirgendelmar\/wp-json\/wp\/v2\/posts\/6614"}],"collection":[{"href":"https:\/\/blogsaverroes.juntadeandalucia.es\/iesvirgendelmar\/wp-json\/wp\/v2\/posts"}],"about":[{"href":"https:\/\/blogsaverroes.juntadeandalucia.es\/iesvirgendelmar\/wp-json\/wp\/v2\/types\/post"}],"author":[{"embeddable":true,"href":"https:\/\/blogsaverroes.juntadeandalucia.es\/iesvirgendelmar\/wp-json\/wp\/v2\/users\/12444"}],"replies":[{"embeddable":true,"href":"https:\/\/blogsaverroes.juntadeandalucia.es\/iesvirgendelmar\/wp-json\/wp\/v2\/comments?post=6614"}],"version-history":[{"count":1,"href":"https:\/\/blogsaverroes.juntadeandalucia.es\/iesvirgendelmar\/wp-json\/wp\/v2\/posts\/6614\/revisions"}],"predecessor-version":[{"id":6628,"href":"https:\/\/blogsaverroes.juntadeandalucia.es\/iesvirgendelmar\/wp-json\/wp\/v2\/posts\/6614\/revisions\/6628"}],"wp:attachment":[{"href":"https:\/\/blogsaverroes.juntadeandalucia.es\/iesvirgendelmar\/wp-json\/wp\/v2\/media?parent=6614"}],"wp:term":[{"taxonomy":"category","embeddable":true,"href":"https:\/\/blogsaverroes.juntadeandalucia.es\/iesvirgendelmar\/wp-json\/wp\/v2\/categories?post=6614"},{"taxonomy":"post_tag","embeddable":true,"href":"https:\/\/blogsaverroes.juntadeandalucia.es\/iesvirgendelmar\/wp-json\/wp\/v2\/tags?post=6614"}],"curies":[{"name":"wp","href":"https:\/\/api.w.org\/{rel}","templated":true}]}}