{"id":7971,"date":"2024-12-18T12:24:35","date_gmt":"2024-12-18T11:24:35","guid":{"rendered":"https:\/\/blogsaverroes.juntadeandalucia.es\/iesvirgendelmar\/?p=7971"},"modified":"2024-12-18T12:34:12","modified_gmt":"2024-12-18T11:34:12","slug":"taller-referentes-de-la-fundacion-de-secretariado-gitano","status":"publish","type":"post","link":"https:\/\/blogsaverroes.juntadeandalucia.es\/iesvirgendelmar\/2024\/12\/18\/taller-referentes-de-la-fundacion-de-secretariado-gitano\/","title":{"rendered":"Taller \u00abReferentes\u00bb de la Fundaci\u00f3n de Secretariado Gitano"},"content":{"rendered":"<p style=\"text-align: justify\">El martes, 17 de diciembre, nos visitaron <strong>Azahara<\/strong>, <strong>Mery<\/strong> y <strong>Justo<\/strong> de la <strong>Fundaci\u00f3n del Secretariado Gitano de Almer\u00eda<\/strong> para impartir el taller <strong>\u201cREFERENTES\u201d<\/strong> a nuestro alumnado de 1\u00ba y 2\u00ba de ESO y 3\u00ba de ESO DICU. Los alumnos y alumnas pudieron conocer algo m\u00e1s sobre la historia del pueblo gitano, la discriminaci\u00f3n y persecuci\u00f3n sufrida por este pueblo a lo largo de la historia, los prejuicios existentes en nuestra sociedad y algunos de los referentes actuales de esta cultura, como por ejemplo, Omar Montes.*<\/p>\n<p style=\"text-align: justify\">En una interacci\u00f3n con el alumnado, se hicieron preguntas como \u00bftodos los gitanos son iguales?, \u00bfqui\u00e9nes son tus referentes?, \u00bfqu\u00e9 significa ser gitano o gitana?&#8230; a las que los alumnos contestaron en mayor o menor medida.<\/p>\n<p style=\"text-align: justify\">Para finalizar, los 3 ponentes explicaron su trayectoria y algunos detalles de su historia personal, una historia de superaci\u00f3n personal y de derribo de barreras y prejuicios hasta llegar al punto en el que se encuentran actualmente, con un trabajo gratificante gracias a sus estudios y una vida feliz. En muchos momentos, la ayuda de un \u201cReferente\u201d les ha servido de inspiraci\u00f3n a lo largo del camino.<\/p>\n<p style=\"text-align: justify\">Para concluir, se hizo hincapi\u00e9 en la existencia de una\u00a0 gran diversidad dentro del pueblo gitano y la importancia de aprovechar el tiempo de estudio para poder superarse, ser independiente en la vida y optar a un futuro mejor.<\/p>\n<p style=\"text-align: justify\">*\u00bfSab\u00edais que Omar Montes le dedic\u00f3 unas sevillanas a Manuel? Manuel Jim\u00e9nez es un joven sevillano de las Tres Mil Viviendas que quiere dar a conocer su barrio en una imagen diferente a la que se suele proyectar. Manuel, quien sufri\u00f3 rechazo por parte de su familia cuando se supo que era homosexual, se encuentra ahora muy a gusto con su persona y cuenta con miles de seguidores en las redes sociales.<\/p>\n<p>&nbsp;<\/p>\n<p><a href=\"https:\/\/blogsaverroes.juntadeandalucia.es\/iesvirgendelmar\/files\/2024\/12\/IMG-20241217-WA0024.jpg\"><img loading=\"lazy\" decoding=\"async\" class=\"alignnone size-medium wp-image-7974\" src=\"https:\/\/blogsaverroes.juntadeandalucia.es\/iesvirgendelmar\/files\/2024\/12\/IMG-20241217-WA0024-300x135.jpg\" alt=\"\" width=\"300\" height=\"135\" srcset=\"https:\/\/blogsaverroes.juntadeandalucia.es\/iesvirgendelmar\/files\/2024\/12\/IMG-20241217-WA0024-300x135.jpg 300w, https:\/\/blogsaverroes.juntadeandalucia.es\/iesvirgendelmar\/files\/2024\/12\/IMG-20241217-WA0024-1024x460.jpg 1024w, https:\/\/blogsaverroes.juntadeandalucia.es\/iesvirgendelmar\/files\/2024\/12\/IMG-20241217-WA0024-768x345.jpg 768w, https:\/\/blogsaverroes.juntadeandalucia.es\/iesvirgendelmar\/files\/2024\/12\/IMG-20241217-WA0024-1536x690.jpg 1536w, https:\/\/blogsaverroes.juntadeandalucia.es\/iesvirgendelmar\/files\/2024\/12\/IMG-20241217-WA0024.jpg 1600w\" sizes=\"(max-width: 300px) 100vw, 300px\" \/><\/a> <a href=\"https:\/\/blogsaverroes.juntadeandalucia.es\/iesvirgendelmar\/files\/2024\/12\/IMG-20241217-WA00261.jpg\"><img loading=\"lazy\" decoding=\"async\" class=\"alignnone size-medium wp-image-7975\" src=\"https:\/\/blogsaverroes.juntadeandalucia.es\/iesvirgendelmar\/files\/2024\/12\/IMG-20241217-WA00261-300x135.jpg\" alt=\"\" width=\"300\" height=\"135\" srcset=\"https:\/\/blogsaverroes.juntadeandalucia.es\/iesvirgendelmar\/files\/2024\/12\/IMG-20241217-WA00261-300x135.jpg 300w, https:\/\/blogsaverroes.juntadeandalucia.es\/iesvirgendelmar\/files\/2024\/12\/IMG-20241217-WA00261-1024x460.jpg 1024w, https:\/\/blogsaverroes.juntadeandalucia.es\/iesvirgendelmar\/files\/2024\/12\/IMG-20241217-WA00261-768x345.jpg 768w, https:\/\/blogsaverroes.juntadeandalucia.es\/iesvirgendelmar\/files\/2024\/12\/IMG-20241217-WA00261-1536x690.jpg 1536w, https:\/\/blogsaverroes.juntadeandalucia.es\/iesvirgendelmar\/files\/2024\/12\/IMG-20241217-WA00261.jpg 1600w\" sizes=\"(max-width: 300px) 100vw, 300px\" \/><\/a><\/p>\n","protected":false},"excerpt":{"rendered":"<p>El martes, 17 de diciembre, nos visitaron Azahara, Mery y Justo de la Fundaci\u00f3n del Secretariado Gitano de Almer\u00eda para impartir el taller \u201cREFERENTES\u201d a nuestro alumnado de 1\u00ba y 2\u00ba de ESO y&#46;&#46;&#46;<\/p>\n","protected":false},"author":8816,"featured_media":0,"comment_status":"open","ping_status":"closed","sticky":false,"template":"","format":"standard","meta":{"ngg_post_thumbnail":0,"footnotes":""},"categories":[743176],"tags":[],"aioseo_notices":[],"_links":{"self":[{"href":"https:\/\/blogsaverroes.juntadeandalucia.es\/iesvirgendelmar\/wp-json\/wp\/v2\/posts\/7971"}],"collection":[{"href":"https:\/\/blogsaverroes.juntadeandalucia.es\/iesvirgendelmar\/wp-json\/wp\/v2\/posts"}],"about":[{"href":"https:\/\/blogsaverroes.juntadeandalucia.es\/iesvirgendelmar\/wp-json\/wp\/v2\/types\/post"}],"author":[{"embeddable":true,"href":"https:\/\/blogsaverroes.juntadeandalucia.es\/iesvirgendelmar\/wp-json\/wp\/v2\/users\/8816"}],"replies":[{"embeddable":true,"href":"https:\/\/blogsaverroes.juntadeandalucia.es\/iesvirgendelmar\/wp-json\/wp\/v2\/comments?post=7971"}],"version-history":[{"count":3,"href":"https:\/\/blogsaverroes.juntadeandalucia.es\/iesvirgendelmar\/wp-json\/wp\/v2\/posts\/7971\/revisions"}],"predecessor-version":[{"id":7976,"href":"https:\/\/blogsaverroes.juntadeandalucia.es\/iesvirgendelmar\/wp-json\/wp\/v2\/posts\/7971\/revisions\/7976"}],"wp:attachment":[{"href":"https:\/\/blogsaverroes.juntadeandalucia.es\/iesvirgendelmar\/wp-json\/wp\/v2\/media?parent=7971"}],"wp:term":[{"taxonomy":"category","embeddable":true,"href":"https:\/\/blogsaverroes.juntadeandalucia.es\/iesvirgendelmar\/wp-json\/wp\/v2\/categories?post=7971"},{"taxonomy":"post_tag","embeddable":true,"href":"https:\/\/blogsaverroes.juntadeandalucia.es\/iesvirgendelmar\/wp-json\/wp\/v2\/tags?post=7971"}],"curies":[{"name":"wp","href":"https:\/\/api.w.org\/{rel}","templated":true}]}}