{"id":8058,"date":"2025-02-03T20:59:03","date_gmt":"2025-02-03T19:59:03","guid":{"rendered":"https:\/\/blogsaverroes.juntadeandalucia.es\/iesvirgendelmar\/?p=8058"},"modified":"2025-06-25T11:39:15","modified_gmt":"2025-06-25T10:39:15","slug":"visita-de-nuestros-alumnos-de-construccion-a-oceanika-una-obra-innovadora-de-nuovit","status":"publish","type":"post","link":"https:\/\/blogsaverroes.juntadeandalucia.es\/iesvirgendelmar\/2025\/02\/03\/visita-de-nuestros-alumnos-de-construccion-a-oceanika-una-obra-innovadora-de-nuovit\/","title":{"rendered":"Visita de nuestros alumnos de Construcci\u00f3n a OCEANIKA, una obra innovadora de Nuovit"},"content":{"rendered":"<p>&nbsp;<\/p>\n<p>&nbsp;&nbsp;&nbsp;&nbsp;&nbsp;&nbsp;&nbsp;&nbsp;&nbsp;&nbsp;&nbsp;&nbsp;&nbsp;&nbsp;&nbsp;&nbsp;&nbsp;&nbsp;&nbsp; <a href=\"https:\/\/blogsaverroes.juntadeandalucia.es\/iesvirgendelmar\/files\/2025\/02\/todos2.jpeg\"><img loading=\"lazy\" decoding=\"async\" class=\"aligncenter wp-image-8080 size-full\" src=\"https:\/\/blogsaverroes.juntadeandalucia.es\/iesvirgendelmar\/files\/2025\/02\/todos2.jpeg\" alt=\"\" width=\"1536\" height=\"2048\" srcset=\"https:\/\/blogsaverroes.juntadeandalucia.es\/iesvirgendelmar\/files\/2025\/02\/todos2.jpeg 1536w, https:\/\/blogsaverroes.juntadeandalucia.es\/iesvirgendelmar\/files\/2025\/02\/todos2-225x300.jpeg 225w, https:\/\/blogsaverroes.juntadeandalucia.es\/iesvirgendelmar\/files\/2025\/02\/todos2-768x1024.jpeg 768w, https:\/\/blogsaverroes.juntadeandalucia.es\/iesvirgendelmar\/files\/2025\/02\/todos2-1152x1536.jpeg 1152w\" sizes=\"(max-width: 1536px) 100vw, 1536px\" \/><\/a><\/p>\n<p>&nbsp;<\/p>\n<p>El pasado jueves 30 de enero, nuestros alumnos de los ciclos formativos de Obra Civil y Edificaci\u00f3n tuvieron la oportunidad de visitar la obra OCEANIKA, un proyecto destacado de la promotora Nuovit. Esta obra se est\u00e1 llevando a cabo con un enfoque que busca minimizar al m\u00e1ximo el impacto medioambiental, mediante el uso de construcci\u00f3n industrializada y materiales sostenibles.<\/p>\n<p>Lo m\u00e1s notable de esta edificaci\u00f3n es su estructura de madera contralaminada, un sistema innovador que est\u00e1 ganando cada vez m\u00e1s protagonismo en la construcci\u00f3n moderna. Actualmente, OCEANIKA es una de las obras m\u00e1s grandes de Europa que se construye utilizando esta t\u00e9cnica, lo que la convierte en un referente en cuanto a sostenibilidad y eficiencia.<\/p>\n<p>Queremos agradecer especialmente al subdirector general de Nuovit por sus detalladas explicaciones sobre el sistema constructivo y las ventajas que ofrece. Sin duda, fue una experiencia enriquecedora para nuestros alumnos, quienes pudieron aprender de primera mano sobre las \u00faltimas tendencias y tecnolog\u00edas en el sector de la construcci\u00f3n.<\/p>\n<p>&nbsp;<\/p>\n<p>&nbsp;<\/p>\n<p><a href=\"https:\/\/blogsaverroes.juntadeandalucia.es\/iesvirgendelmar\/files\/2025\/02\/17.jpeg\"><img loading=\"lazy\" decoding=\"async\" class=\"alignnone size-medium wp-image-8076\" src=\"https:\/\/blogsaverroes.juntadeandalucia.es\/iesvirgendelmar\/files\/2025\/02\/17-225x300.jpeg\" alt=\"\" width=\"225\" height=\"300\" srcset=\"https:\/\/blogsaverroes.juntadeandalucia.es\/iesvirgendelmar\/files\/2025\/02\/17-225x300.jpeg 225w, https:\/\/blogsaverroes.juntadeandalucia.es\/iesvirgendelmar\/files\/2025\/02\/17-768x1024.jpeg 768w, https:\/\/blogsaverroes.juntadeandalucia.es\/iesvirgendelmar\/files\/2025\/02\/17-1152x1536.jpeg 1152w, https:\/\/blogsaverroes.juntadeandalucia.es\/iesvirgendelmar\/files\/2025\/02\/17.jpeg 1536w\" sizes=\"(max-width: 225px) 100vw, 225px\" \/><\/a> <a href=\"https:\/\/blogsaverroes.juntadeandalucia.es\/iesvirgendelmar\/files\/2025\/02\/19.jpeg\"><img loading=\"lazy\" decoding=\"async\" class=\"alignnone size-medium wp-image-8078\" src=\"https:\/\/blogsaverroes.juntadeandalucia.es\/iesvirgendelmar\/files\/2025\/02\/19-225x300.jpeg\" alt=\"\" width=\"225\" height=\"300\" srcset=\"https:\/\/blogsaverroes.juntadeandalucia.es\/iesvirgendelmar\/files\/2025\/02\/19-225x300.jpeg 225w, https:\/\/blogsaverroes.juntadeandalucia.es\/iesvirgendelmar\/files\/2025\/02\/19-768x1024.jpeg 768w, https:\/\/blogsaverroes.juntadeandalucia.es\/iesvirgendelmar\/files\/2025\/02\/19-1152x1536.jpeg 1152w, https:\/\/blogsaverroes.juntadeandalucia.es\/iesvirgendelmar\/files\/2025\/02\/19.jpeg 1536w\" sizes=\"(max-width: 225px) 100vw, 225px\" \/><\/a> <a href=\"https:\/\/blogsaverroes.juntadeandalucia.es\/iesvirgendelmar\/files\/2025\/02\/18.jpeg\"><img loading=\"lazy\" decoding=\"async\" class=\"alignnone size-medium wp-image-8077\" src=\"https:\/\/blogsaverroes.juntadeandalucia.es\/iesvirgendelmar\/files\/2025\/02\/18-225x300.jpeg\" alt=\"\" width=\"225\" height=\"300\" srcset=\"https:\/\/blogsaverroes.juntadeandalucia.es\/iesvirgendelmar\/files\/2025\/02\/18-225x300.jpeg 225w, https:\/\/blogsaverroes.juntadeandalucia.es\/iesvirgendelmar\/files\/2025\/02\/18-768x1024.jpeg 768w, https:\/\/blogsaverroes.juntadeandalucia.es\/iesvirgendelmar\/files\/2025\/02\/18-1152x1536.jpeg 1152w, https:\/\/blogsaverroes.juntadeandalucia.es\/iesvirgendelmar\/files\/2025\/02\/18.jpeg 1536w\" sizes=\"(max-width: 225px) 100vw, 225px\" \/><\/a>&nbsp; <a href=\"https:\/\/blogsaverroes.juntadeandalucia.es\/iesvirgendelmar\/files\/2025\/02\/10.jpeg\"><img loading=\"lazy\" decoding=\"async\" class=\"alignnone size-medium wp-image-8069\" src=\"https:\/\/blogsaverroes.juntadeandalucia.es\/iesvirgendelmar\/files\/2025\/02\/10-225x300.jpeg\" alt=\"\" width=\"225\" height=\"300\" srcset=\"https:\/\/blogsaverroes.juntadeandalucia.es\/iesvirgendelmar\/files\/2025\/02\/10-225x300.jpeg 225w, https:\/\/blogsaverroes.juntadeandalucia.es\/iesvirgendelmar\/files\/2025\/02\/10-768x1024.jpeg 768w, https:\/\/blogsaverroes.juntadeandalucia.es\/iesvirgendelmar\/files\/2025\/02\/10-1152x1536.jpeg 1152w, https:\/\/blogsaverroes.juntadeandalucia.es\/iesvirgendelmar\/files\/2025\/02\/10.jpeg 1536w\" sizes=\"(max-width: 225px) 100vw, 225px\" \/><\/a> <a href=\"https:\/\/blogsaverroes.juntadeandalucia.es\/iesvirgendelmar\/files\/2025\/02\/9.jpeg\"><img loading=\"lazy\" decoding=\"async\" class=\"alignnone size-medium wp-image-8068\" src=\"https:\/\/blogsaverroes.juntadeandalucia.es\/iesvirgendelmar\/files\/2025\/02\/9-225x300.jpeg\" alt=\"\" width=\"225\" height=\"300\" srcset=\"https:\/\/blogsaverroes.juntadeandalucia.es\/iesvirgendelmar\/files\/2025\/02\/9-225x300.jpeg 225w, https:\/\/blogsaverroes.juntadeandalucia.es\/iesvirgendelmar\/files\/2025\/02\/9-768x1024.jpeg 768w, https:\/\/blogsaverroes.juntadeandalucia.es\/iesvirgendelmar\/files\/2025\/02\/9-1152x1536.jpeg 1152w, https:\/\/blogsaverroes.juntadeandalucia.es\/iesvirgendelmar\/files\/2025\/02\/9.jpeg 1536w\" sizes=\"(max-width: 225px) 100vw, 225px\" \/><\/a> <a href=\"https:\/\/blogsaverroes.juntadeandalucia.es\/iesvirgendelmar\/files\/2025\/02\/8.jpeg\"><img loading=\"lazy\" decoding=\"async\" class=\"alignnone size-medium wp-image-8066\" src=\"https:\/\/blogsaverroes.juntadeandalucia.es\/iesvirgendelmar\/files\/2025\/02\/8-225x300.jpeg\" alt=\"\" width=\"225\" height=\"300\" srcset=\"https:\/\/blogsaverroes.juntadeandalucia.es\/iesvirgendelmar\/files\/2025\/02\/8-225x300.jpeg 225w, https:\/\/blogsaverroes.juntadeandalucia.es\/iesvirgendelmar\/files\/2025\/02\/8-768x1024.jpeg 768w, https:\/\/blogsaverroes.juntadeandalucia.es\/iesvirgendelmar\/files\/2025\/02\/8-1152x1536.jpeg 1152w, https:\/\/blogsaverroes.juntadeandalucia.es\/iesvirgendelmar\/files\/2025\/02\/8.jpeg 1536w\" sizes=\"(max-width: 225px) 100vw, 225px\" \/><\/a><\/p>\n<p>&nbsp;<\/p>\n<p>&nbsp;<\/p>\n","protected":false},"excerpt":{"rendered":"<p>&nbsp; &nbsp;&nbsp;&nbsp;&nbsp;&nbsp;&nbsp;&nbsp;&nbsp;&nbsp;&nbsp;&nbsp;&nbsp;&nbsp;&nbsp;&nbsp;&nbsp;&nbsp;&nbsp;&nbsp; &nbsp; El pasado jueves 30 de enero, nuestros alumnos de los ciclos formativos de Obra Civil y Edificaci\u00f3n tuvieron la oportunidad de visitar la obra OCEANIKA, un proyecto destacado de la promotora&#46;&#46;&#46;<\/p>\n","protected":false},"author":20298,"featured_media":8059,"comment_status":"open","ping_status":"closed","sticky":false,"template":"","format":"standard","meta":{"ngg_post_thumbnail":0,"footnotes":""},"categories":[743120],"tags":[],"aioseo_notices":[],"_links":{"self":[{"href":"https:\/\/blogsaverroes.juntadeandalucia.es\/iesvirgendelmar\/wp-json\/wp\/v2\/posts\/8058"}],"collection":[{"href":"https:\/\/blogsaverroes.juntadeandalucia.es\/iesvirgendelmar\/wp-json\/wp\/v2\/posts"}],"about":[{"href":"https:\/\/blogsaverroes.juntadeandalucia.es\/iesvirgendelmar\/wp-json\/wp\/v2\/types\/post"}],"author":[{"embeddable":true,"href":"https:\/\/blogsaverroes.juntadeandalucia.es\/iesvirgendelmar\/wp-json\/wp\/v2\/users\/20298"}],"replies":[{"embeddable":true,"href":"https:\/\/blogsaverroes.juntadeandalucia.es\/iesvirgendelmar\/wp-json\/wp\/v2\/comments?post=8058"}],"version-history":[{"count":4,"href":"https:\/\/blogsaverroes.juntadeandalucia.es\/iesvirgendelmar\/wp-json\/wp\/v2\/posts\/8058\/revisions"}],"predecessor-version":[{"id":8084,"href":"https:\/\/blogsaverroes.juntadeandalucia.es\/iesvirgendelmar\/wp-json\/wp\/v2\/posts\/8058\/revisions\/8084"}],"wp:featuredmedia":[{"embeddable":true,"href":"https:\/\/blogsaverroes.juntadeandalucia.es\/iesvirgendelmar\/wp-json\/wp\/v2\/media\/8059"}],"wp:attachment":[{"href":"https:\/\/blogsaverroes.juntadeandalucia.es\/iesvirgendelmar\/wp-json\/wp\/v2\/media?parent=8058"}],"wp:term":[{"taxonomy":"category","embeddable":true,"href":"https:\/\/blogsaverroes.juntadeandalucia.es\/iesvirgendelmar\/wp-json\/wp\/v2\/categories?post=8058"},{"taxonomy":"post_tag","embeddable":true,"href":"https:\/\/blogsaverroes.juntadeandalucia.es\/iesvirgendelmar\/wp-json\/wp\/v2\/tags?post=8058"}],"curies":[{"name":"wp","href":"https:\/\/api.w.org\/{rel}","templated":true}]}}