{"id":8367,"date":"2025-03-31T16:42:26","date_gmt":"2025-03-31T15:42:26","guid":{"rendered":"https:\/\/blogsaverroes.juntadeandalucia.es\/iesvirgendelmar\/?p=8367"},"modified":"2025-04-28T10:15:14","modified_gmt":"2025-04-28T09:15:14","slug":"inicio-del-proyecto-mi-playa-bonica-una-primera-inmersion-en-la-investigacion-ambiental","status":"publish","type":"post","link":"https:\/\/blogsaverroes.juntadeandalucia.es\/iesvirgendelmar\/2025\/03\/31\/inicio-del-proyecto-mi-playa-bonica-una-primera-inmersion-en-la-investigacion-ambiental\/","title":{"rendered":"Inicio del Proyecto \u00abMi Playa Bonica\u00bb: una primera inmersi\u00f3n en la investigaci\u00f3n ambiental"},"content":{"rendered":"<p data-start=\"102\" data-end=\"483\">&nbsp;<\/p>\n<p data-start=\"102\" data-end=\"483\"><a href=\"https:\/\/blogsaverroes.juntadeandalucia.es\/iesvirgendelmar\/files\/2025\/03\/WhatsApp-Image-2025-03-31-at-09.30.46.jpeg\"><img loading=\"lazy\" decoding=\"async\" class=\"size-large wp-image-8368 aligncenter\" src=\"https:\/\/blogsaverroes.juntadeandalucia.es\/iesvirgendelmar\/files\/2025\/03\/WhatsApp-Image-2025-03-31-at-09.30.46-1024x576.jpeg\" alt=\"\" width=\"1024\" height=\"576\" srcset=\"https:\/\/blogsaverroes.juntadeandalucia.es\/iesvirgendelmar\/files\/2025\/03\/WhatsApp-Image-2025-03-31-at-09.30.46-1024x576.jpeg 1024w, https:\/\/blogsaverroes.juntadeandalucia.es\/iesvirgendelmar\/files\/2025\/03\/WhatsApp-Image-2025-03-31-at-09.30.46-300x169.jpeg 300w, https:\/\/blogsaverroes.juntadeandalucia.es\/iesvirgendelmar\/files\/2025\/03\/WhatsApp-Image-2025-03-31-at-09.30.46-768x432.jpeg 768w, https:\/\/blogsaverroes.juntadeandalucia.es\/iesvirgendelmar\/files\/2025\/03\/WhatsApp-Image-2025-03-31-at-09.30.46-1536x864.jpeg 1536w, https:\/\/blogsaverroes.juntadeandalucia.es\/iesvirgendelmar\/files\/2025\/03\/WhatsApp-Image-2025-03-31-at-09.30.46.jpeg 1920w\" sizes=\"(max-width: 1024px) 100vw, 1024px\" \/><\/a><\/p>\n<p data-start=\"102\" data-end=\"483\">&nbsp;<\/p>\n<p class=\"\" data-start=\"102\" data-end=\"483\">Hoy, nuestros alumnos de <strong data-start=\"127\" data-end=\"140\">4\u00ba de ESO<\/strong> han participado en la primera sesi\u00f3n del proyecto <strong>\u00ab<em data-start=\"191\" data-end=\"208\">Mi Playa Bonica\u00bb<\/em><\/strong> ligado a la&nbsp; <a href=\"https:\/\/www.ual.es\/\">universidad de Almer\u00eda&nbsp; <\/a>y&nbsp; <a href=\"https:\/\/objetivonewen.com\/la-educacion-medioambiental-en-las-aulas-objetivo-de-mi-playa-bonica-objetivo-newen-y-ual-y-ayuntamiento-de-almeria\/\">proyecto newen<\/a> marcando el comienzo de una experiencia educativa y cient\u00edfica centrada en la conservaci\u00f3n del entorno litoral. Durante esta jornada, han tenido su primera toma de contacto con la investigaci\u00f3n ambiental, elaborando y contrastando hip\u00f3tesis sobre la contaminaci\u00f3n.<\/p>\n<p class=\"\" data-start=\"485\" data-end=\"653\">El taller ha sido impartido por <strong data-start=\"517\" data-end=\"579\">t\u00e9cnicos en medio ambiente y responsables del proyecto<\/strong>, quienes han guiado al alumnado a trav\u00e9s de diversas actividades clave:<\/p>\n<p class=\"\" data-start=\"655\" data-end=\"1148\">\ud83d\udd39 <strong data-start=\"658\" data-end=\"687\">Presentaci\u00f3n del proyecto<\/strong> y justificaci\u00f3n de su importancia en la protecci\u00f3n de los ecosistemas costeros.<br data-start=\"767\" data-end=\"770\">\ud83d\udd39 <strong data-start=\"773\" data-end=\"810\">Visionado de material f\u00edsico<\/strong>, proporcionando un an\u00e1lisis detallado sobre el estado del litoral almeriense y la problem\u00e1tica de los macro y micropl\u00e1sticos en los oc\u00e9anos.<br data-start=\"951\" data-end=\"954\" data-is-only-node=\"\">\ud83d\udd39 <strong data-start=\"957\" data-end=\"994\">Puesta en com\u00fan y lluvia de ideas<\/strong>, donde los estudiantes han explorado diferentes enfoques para investigar el problema, abordarlo y proponer soluciones desde una perspectiva cient\u00edfica.<\/p>\n<p class=\"\" data-start=\"1150\" data-end=\"1459\">Este primer encuentro ha sido fundamental para sentar las bases metodol\u00f3gicas del trabajo que nuestros alumnos desarrollar\u00e1n en las pr\u00f3ximas sesiones. \u00a1Estamos entusiasmados por ver c\u00f3mo evolucionan sus investigaciones y las iniciativas que propondr\u00e1n para contribuir a la conservaci\u00f3n del medioambiente!<\/p>\n<p data-start=\"1150\" data-end=\"1459\">&nbsp;<\/p>\n<p data-start=\"1150\" data-end=\"1459\"><a href=\"https:\/\/blogsaverroes.juntadeandalucia.es\/iesvirgendelmar\/files\/2025\/03\/WhatsApp-Image-2025-03-31-at-09.34.21.jpeg\"><img loading=\"lazy\" decoding=\"async\" class=\"alignnone size-large wp-image-8369\" src=\"https:\/\/blogsaverroes.juntadeandalucia.es\/iesvirgendelmar\/files\/2025\/03\/WhatsApp-Image-2025-03-31-at-09.34.21-1024x576.jpeg\" alt=\"\" width=\"1024\" height=\"576\" srcset=\"https:\/\/blogsaverroes.juntadeandalucia.es\/iesvirgendelmar\/files\/2025\/03\/WhatsApp-Image-2025-03-31-at-09.34.21-1024x576.jpeg 1024w, https:\/\/blogsaverroes.juntadeandalucia.es\/iesvirgendelmar\/files\/2025\/03\/WhatsApp-Image-2025-03-31-at-09.34.21-300x169.jpeg 300w, https:\/\/blogsaverroes.juntadeandalucia.es\/iesvirgendelmar\/files\/2025\/03\/WhatsApp-Image-2025-03-31-at-09.34.21-768x432.jpeg 768w, https:\/\/blogsaverroes.juntadeandalucia.es\/iesvirgendelmar\/files\/2025\/03\/WhatsApp-Image-2025-03-31-at-09.34.21-1536x864.jpeg 1536w, https:\/\/blogsaverroes.juntadeandalucia.es\/iesvirgendelmar\/files\/2025\/03\/WhatsApp-Image-2025-03-31-at-09.34.21.jpeg 1920w\" sizes=\"(max-width: 1024px) 100vw, 1024px\" \/><\/a> <a href=\"https:\/\/blogsaverroes.juntadeandalucia.es\/iesvirgendelmar\/files\/2025\/03\/WhatsApp-Image-2025-03-31-at-09.32.16.jpeg\"><img loading=\"lazy\" decoding=\"async\" class=\"alignnone size-large wp-image-8370\" src=\"https:\/\/blogsaverroes.juntadeandalucia.es\/iesvirgendelmar\/files\/2025\/03\/WhatsApp-Image-2025-03-31-at-09.32.16-1024x576.jpeg\" alt=\"\" width=\"1024\" height=\"576\" srcset=\"https:\/\/blogsaverroes.juntadeandalucia.es\/iesvirgendelmar\/files\/2025\/03\/WhatsApp-Image-2025-03-31-at-09.32.16-1024x576.jpeg 1024w, https:\/\/blogsaverroes.juntadeandalucia.es\/iesvirgendelmar\/files\/2025\/03\/WhatsApp-Image-2025-03-31-at-09.32.16-300x169.jpeg 300w, https:\/\/blogsaverroes.juntadeandalucia.es\/iesvirgendelmar\/files\/2025\/03\/WhatsApp-Image-2025-03-31-at-09.32.16-768x432.jpeg 768w, https:\/\/blogsaverroes.juntadeandalucia.es\/iesvirgendelmar\/files\/2025\/03\/WhatsApp-Image-2025-03-31-at-09.32.16-1536x864.jpeg 1536w, https:\/\/blogsaverroes.juntadeandalucia.es\/iesvirgendelmar\/files\/2025\/03\/WhatsApp-Image-2025-03-31-at-09.32.16.jpeg 1920w\" sizes=\"(max-width: 1024px) 100vw, 1024px\" \/><\/a> <a href=\"https:\/\/blogsaverroes.juntadeandalucia.es\/iesvirgendelmar\/files\/2025\/03\/WhatsApp-Image-2025-03-31-at-09.31.27.jpeg\"><img loading=\"lazy\" decoding=\"async\" class=\"alignnone size-large wp-image-8371\" src=\"https:\/\/blogsaverroes.juntadeandalucia.es\/iesvirgendelmar\/files\/2025\/03\/WhatsApp-Image-2025-03-31-at-09.31.27-1024x576.jpeg\" alt=\"\" width=\"1024\" height=\"576\" srcset=\"https:\/\/blogsaverroes.juntadeandalucia.es\/iesvirgendelmar\/files\/2025\/03\/WhatsApp-Image-2025-03-31-at-09.31.27-1024x576.jpeg 1024w, https:\/\/blogsaverroes.juntadeandalucia.es\/iesvirgendelmar\/files\/2025\/03\/WhatsApp-Image-2025-03-31-at-09.31.27-300x169.jpeg 300w, https:\/\/blogsaverroes.juntadeandalucia.es\/iesvirgendelmar\/files\/2025\/03\/WhatsApp-Image-2025-03-31-at-09.31.27-768x432.jpeg 768w, https:\/\/blogsaverroes.juntadeandalucia.es\/iesvirgendelmar\/files\/2025\/03\/WhatsApp-Image-2025-03-31-at-09.31.27-1536x864.jpeg 1536w, https:\/\/blogsaverroes.juntadeandalucia.es\/iesvirgendelmar\/files\/2025\/03\/WhatsApp-Image-2025-03-31-at-09.31.27.jpeg 1920w\" sizes=\"(max-width: 1024px) 100vw, 1024px\" \/><\/a> <a href=\"https:\/\/blogsaverroes.juntadeandalucia.es\/iesvirgendelmar\/files\/2025\/03\/WhatsApp-Image-2025-03-31-at-09.31.19.jpeg\"><img loading=\"lazy\" decoding=\"async\" class=\"alignnone size-large wp-image-8372\" src=\"https:\/\/blogsaverroes.juntadeandalucia.es\/iesvirgendelmar\/files\/2025\/03\/WhatsApp-Image-2025-03-31-at-09.31.19-1024x576.jpeg\" alt=\"\" width=\"1024\" height=\"576\" srcset=\"https:\/\/blogsaverroes.juntadeandalucia.es\/iesvirgendelmar\/files\/2025\/03\/WhatsApp-Image-2025-03-31-at-09.31.19-1024x576.jpeg 1024w, https:\/\/blogsaverroes.juntadeandalucia.es\/iesvirgendelmar\/files\/2025\/03\/WhatsApp-Image-2025-03-31-at-09.31.19-300x169.jpeg 300w, https:\/\/blogsaverroes.juntadeandalucia.es\/iesvirgendelmar\/files\/2025\/03\/WhatsApp-Image-2025-03-31-at-09.31.19-768x432.jpeg 768w, https:\/\/blogsaverroes.juntadeandalucia.es\/iesvirgendelmar\/files\/2025\/03\/WhatsApp-Image-2025-03-31-at-09.31.19-1536x864.jpeg 1536w, https:\/\/blogsaverroes.juntadeandalucia.es\/iesvirgendelmar\/files\/2025\/03\/WhatsApp-Image-2025-03-31-at-09.31.19.jpeg 1920w\" sizes=\"(max-width: 1024px) 100vw, 1024px\" \/><\/a> <a href=\"https:\/\/blogsaverroes.juntadeandalucia.es\/iesvirgendelmar\/files\/2025\/03\/WhatsApp-Image-2025-03-31-at-09.30.55.jpeg\"><img loading=\"lazy\" decoding=\"async\" class=\"alignnone size-large wp-image-8373\" src=\"https:\/\/blogsaverroes.juntadeandalucia.es\/iesvirgendelmar\/files\/2025\/03\/WhatsApp-Image-2025-03-31-at-09.30.55-1024x576.jpeg\" alt=\"\" width=\"1024\" height=\"576\" srcset=\"https:\/\/blogsaverroes.juntadeandalucia.es\/iesvirgendelmar\/files\/2025\/03\/WhatsApp-Image-2025-03-31-at-09.30.55-1024x576.jpeg 1024w, https:\/\/blogsaverroes.juntadeandalucia.es\/iesvirgendelmar\/files\/2025\/03\/WhatsApp-Image-2025-03-31-at-09.30.55-300x169.jpeg 300w, https:\/\/blogsaverroes.juntadeandalucia.es\/iesvirgendelmar\/files\/2025\/03\/WhatsApp-Image-2025-03-31-at-09.30.55-768x432.jpeg 768w, https:\/\/blogsaverroes.juntadeandalucia.es\/iesvirgendelmar\/files\/2025\/03\/WhatsApp-Image-2025-03-31-at-09.30.55-1536x864.jpeg 1536w, https:\/\/blogsaverroes.juntadeandalucia.es\/iesvirgendelmar\/files\/2025\/03\/WhatsApp-Image-2025-03-31-at-09.30.55.jpeg 1920w\" sizes=\"(max-width: 1024px) 100vw, 1024px\" \/><\/a><\/p>\n","protected":false},"excerpt":{"rendered":"<p>&nbsp; &nbsp; Hoy, nuestros alumnos de 4\u00ba de ESO han participado en la primera sesi\u00f3n del proyecto \u00abMi Playa Bonica\u00bb ligado a la&nbsp; universidad de Almer\u00eda&nbsp; y&nbsp; proyecto newen marcando el comienzo de una&#46;&#46;&#46;<\/p>\n","protected":false},"author":20298,"featured_media":0,"comment_status":"open","ping_status":"closed","sticky":false,"template":"","format":"standard","meta":{"ngg_post_thumbnail":0,"footnotes":""},"categories":[743217,3774],"tags":[],"aioseo_notices":[],"_links":{"self":[{"href":"https:\/\/blogsaverroes.juntadeandalucia.es\/iesvirgendelmar\/wp-json\/wp\/v2\/posts\/8367"}],"collection":[{"href":"https:\/\/blogsaverroes.juntadeandalucia.es\/iesvirgendelmar\/wp-json\/wp\/v2\/posts"}],"about":[{"href":"https:\/\/blogsaverroes.juntadeandalucia.es\/iesvirgendelmar\/wp-json\/wp\/v2\/types\/post"}],"author":[{"embeddable":true,"href":"https:\/\/blogsaverroes.juntadeandalucia.es\/iesvirgendelmar\/wp-json\/wp\/v2\/users\/20298"}],"replies":[{"embeddable":true,"href":"https:\/\/blogsaverroes.juntadeandalucia.es\/iesvirgendelmar\/wp-json\/wp\/v2\/comments?post=8367"}],"version-history":[{"count":4,"href":"https:\/\/blogsaverroes.juntadeandalucia.es\/iesvirgendelmar\/wp-json\/wp\/v2\/posts\/8367\/revisions"}],"predecessor-version":[{"id":8378,"href":"https:\/\/blogsaverroes.juntadeandalucia.es\/iesvirgendelmar\/wp-json\/wp\/v2\/posts\/8367\/revisions\/8378"}],"wp:attachment":[{"href":"https:\/\/blogsaverroes.juntadeandalucia.es\/iesvirgendelmar\/wp-json\/wp\/v2\/media?parent=8367"}],"wp:term":[{"taxonomy":"category","embeddable":true,"href":"https:\/\/blogsaverroes.juntadeandalucia.es\/iesvirgendelmar\/wp-json\/wp\/v2\/categories?post=8367"},{"taxonomy":"post_tag","embeddable":true,"href":"https:\/\/blogsaverroes.juntadeandalucia.es\/iesvirgendelmar\/wp-json\/wp\/v2\/tags?post=8367"}],"curies":[{"name":"wp","href":"https:\/\/api.w.org\/{rel}","templated":true}]}}