{"id":8992,"date":"2025-11-27T12:10:47","date_gmt":"2025-11-27T11:10:47","guid":{"rendered":"https:\/\/blogsaverroes.juntadeandalucia.es\/iesvirgendelmar\/?p=8992"},"modified":"2025-11-27T12:10:47","modified_gmt":"2025-11-27T11:10:47","slug":"carrera-de-obstaculos-25-n","status":"publish","type":"post","link":"https:\/\/blogsaverroes.juntadeandalucia.es\/iesvirgendelmar\/2025\/11\/27\/carrera-de-obstaculos-25-n\/","title":{"rendered":"Carrera de Obst\u00e1culos &#8211; 25 N"},"content":{"rendered":"<p>Nuestro alumnado de los grupos de 1\u00ba y 2\u00ba de ESO han participado en la carrera de obst\u00e1culos organizada por el Departamento de Educaci\u00f3n F\u00edsica del I.E.S. Abdera en el paseo mar\u00edtimo de Adra, con motivo del 25 N. Agradecemos a este Centro su invitaci\u00f3n para poder formar parte de este evento.<\/p>\n<p><a href=\"https:\/\/blogsaverroes.juntadeandalucia.es\/iesvirgendelmar\/files\/2025\/11\/IMG_2081.jpeg\"><img loading=\"lazy\" decoding=\"async\" class=\"alignnone size-medium wp-image-8993\" src=\"https:\/\/blogsaverroes.juntadeandalucia.es\/iesvirgendelmar\/files\/2025\/11\/IMG_2081-215x300.jpeg\" alt=\"\" width=\"215\" height=\"300\" srcset=\"https:\/\/blogsaverroes.juntadeandalucia.es\/iesvirgendelmar\/files\/2025\/11\/IMG_2081-215x300.jpeg 215w, https:\/\/blogsaverroes.juntadeandalucia.es\/iesvirgendelmar\/files\/2025\/11\/IMG_2081-734x1024.jpeg 734w, https:\/\/blogsaverroes.juntadeandalucia.es\/iesvirgendelmar\/files\/2025\/11\/IMG_2081-768x1071.jpeg 768w, https:\/\/blogsaverroes.juntadeandalucia.es\/iesvirgendelmar\/files\/2025\/11\/IMG_2081-1101x1536.jpeg 1101w, https:\/\/blogsaverroes.juntadeandalucia.es\/iesvirgendelmar\/files\/2025\/11\/IMG_2081-1469x2048.jpeg 1469w, https:\/\/blogsaverroes.juntadeandalucia.es\/iesvirgendelmar\/files\/2025\/11\/IMG_2081.jpeg 1772w\" sizes=\"(max-width: 215px) 100vw, 215px\" \/><\/a><\/p>\n<p>En dos recorridos paralelos, los alumnos han tenido que sortear obst\u00e1culos, mientras que las alumnas corr\u00edan a la par por un camino libre de impedimentos, una carrera simb\u00f3lica de la que todos y todas hemos disfrutado. Han participado un total de 8 grupos conformados por alumnado de los tres centros de la localidad abderitana: I.E.S. Abdera, I.E.S. Gaviota y nuestro centro, I.E.S. Virgen del Mar. El evento se ha clausurado con la entrega de medallas en un podio para los que han logrado llegar a la meta en el primer puesto de cada grupo y una actuaci\u00f3n de baile liderada por el alumnado de los Ciclos Formativos de Animaci\u00f3n Sociocultural del I.E.S. Abdera.<\/p>\n<p><a href=\"https:\/\/blogsaverroes.juntadeandalucia.es\/iesvirgendelmar\/files\/2025\/11\/IMG_2093-scaled.jpeg\"><img loading=\"lazy\" decoding=\"async\" class=\"alignnone size-medium wp-image-8994\" src=\"https:\/\/blogsaverroes.juntadeandalucia.es\/iesvirgendelmar\/files\/2025\/11\/IMG_2093-269x300.jpeg\" alt=\"\" width=\"269\" height=\"300\" srcset=\"https:\/\/blogsaverroes.juntadeandalucia.es\/iesvirgendelmar\/files\/2025\/11\/IMG_2093-269x300.jpeg 269w, https:\/\/blogsaverroes.juntadeandalucia.es\/iesvirgendelmar\/files\/2025\/11\/IMG_2093-919x1024.jpeg 919w, https:\/\/blogsaverroes.juntadeandalucia.es\/iesvirgendelmar\/files\/2025\/11\/IMG_2093-768x856.jpeg 768w, https:\/\/blogsaverroes.juntadeandalucia.es\/iesvirgendelmar\/files\/2025\/11\/IMG_2093-1379x1536.jpeg 1379w, https:\/\/blogsaverroes.juntadeandalucia.es\/iesvirgendelmar\/files\/2025\/11\/IMG_2093-1838x2048.jpeg 1838w\" sizes=\"(max-width: 269px) 100vw, 269px\" \/><\/a><\/p>\n<p>Nuestros alumnos y alumnas de 1\u00ba de ESO y 2\u00ba de ESO han aprovechado esta salida para reencontrarse con antiguos compa\u00f1eros y compa\u00f1eras de Colegio.<\/p>\n<p><a href=\"https:\/\/blogsaverroes.juntadeandalucia.es\/iesvirgendelmar\/files\/2025\/11\/IMG_2098-scaled.jpeg\"><img loading=\"lazy\" decoding=\"async\" class=\"alignnone size-medium wp-image-8995\" src=\"https:\/\/blogsaverroes.juntadeandalucia.es\/iesvirgendelmar\/files\/2025\/11\/IMG_2098-224x300.jpeg\" alt=\"\" width=\"224\" height=\"300\" srcset=\"https:\/\/blogsaverroes.juntadeandalucia.es\/iesvirgendelmar\/files\/2025\/11\/IMG_2098-224x300.jpeg 224w, https:\/\/blogsaverroes.juntadeandalucia.es\/iesvirgendelmar\/files\/2025\/11\/IMG_2098-765x1024.jpeg 765w, https:\/\/blogsaverroes.juntadeandalucia.es\/iesvirgendelmar\/files\/2025\/11\/IMG_2098-768x1028.jpeg 768w, https:\/\/blogsaverroes.juntadeandalucia.es\/iesvirgendelmar\/files\/2025\/11\/IMG_2098-1147x1536.jpeg 1147w, https:\/\/blogsaverroes.juntadeandalucia.es\/iesvirgendelmar\/files\/2025\/11\/IMG_2098-1530x2048.jpeg 1530w, https:\/\/blogsaverroes.juntadeandalucia.es\/iesvirgendelmar\/files\/2025\/11\/IMG_2098-scaled.jpeg 1912w\" sizes=\"(max-width: 224px) 100vw, 224px\" \/><\/a><\/p>\n<p>\u00a1Enhorabuena a tod@s por la participaci\u00f3n!<\/p>\n","protected":false},"excerpt":{"rendered":"<p>Nuestro alumnado de los grupos de 1\u00ba y 2\u00ba de ESO han participado en la carrera de obst\u00e1culos organizada por el Departamento de Educaci\u00f3n F\u00edsica del I.E.S. Abdera en el paseo mar\u00edtimo de Adra,&#46;&#46;&#46;<\/p>\n","protected":false},"author":20306,"featured_media":0,"comment_status":"open","ping_status":"closed","sticky":false,"template":"","format":"standard","meta":{"ngg_post_thumbnail":0,"footnotes":""},"categories":[743210,743176,743249,743231],"tags":[],"aioseo_notices":[],"_links":{"self":[{"href":"https:\/\/blogsaverroes.juntadeandalucia.es\/iesvirgendelmar\/wp-json\/wp\/v2\/posts\/8992"}],"collection":[{"href":"https:\/\/blogsaverroes.juntadeandalucia.es\/iesvirgendelmar\/wp-json\/wp\/v2\/posts"}],"about":[{"href":"https:\/\/blogsaverroes.juntadeandalucia.es\/iesvirgendelmar\/wp-json\/wp\/v2\/types\/post"}],"author":[{"embeddable":true,"href":"https:\/\/blogsaverroes.juntadeandalucia.es\/iesvirgendelmar\/wp-json\/wp\/v2\/users\/20306"}],"replies":[{"embeddable":true,"href":"https:\/\/blogsaverroes.juntadeandalucia.es\/iesvirgendelmar\/wp-json\/wp\/v2\/comments?post=8992"}],"version-history":[{"count":1,"href":"https:\/\/blogsaverroes.juntadeandalucia.es\/iesvirgendelmar\/wp-json\/wp\/v2\/posts\/8992\/revisions"}],"predecessor-version":[{"id":8996,"href":"https:\/\/blogsaverroes.juntadeandalucia.es\/iesvirgendelmar\/wp-json\/wp\/v2\/posts\/8992\/revisions\/8996"}],"wp:attachment":[{"href":"https:\/\/blogsaverroes.juntadeandalucia.es\/iesvirgendelmar\/wp-json\/wp\/v2\/media?parent=8992"}],"wp:term":[{"taxonomy":"category","embeddable":true,"href":"https:\/\/blogsaverroes.juntadeandalucia.es\/iesvirgendelmar\/wp-json\/wp\/v2\/categories?post=8992"},{"taxonomy":"post_tag","embeddable":true,"href":"https:\/\/blogsaverroes.juntadeandalucia.es\/iesvirgendelmar\/wp-json\/wp\/v2\/tags?post=8992"}],"curies":[{"name":"wp","href":"https:\/\/api.w.org\/{rel}","templated":true}]}}