{"id":1801,"date":"2025-06-09T08:55:14","date_gmt":"2025-06-09T07:55:14","guid":{"rendered":"https:\/\/blogsaverroes.juntadeandalucia.es\/ieszocoes\/?p=1801"},"modified":"2025-06-09T09:10:22","modified_gmt":"2025-06-09T08:10:22","slug":"elementor-1801","status":"publish","type":"post","link":"https:\/\/blogsaverroes.juntadeandalucia.es\/ieszocoes\/elementor-1801\/","title":{"rendered":"NUESTRO ALUMNADO DE TECNOLOG\u00cdA EN FANTEC"},"content":{"rendered":"\t\t<div data-elementor-type=\"wp-post\" data-elementor-id=\"1801\" class=\"elementor elementor-1801\">\n\t\t\t\t<div class=\"elementor-element elementor-element-ee9bf0e e-flex e-con-boxed e-con e-parent\" data-id=\"ee9bf0e\" data-element_type=\"container\">\n\t\t\t\t\t<div class=\"e-con-inner\">\n\t\t\t\t<div class=\"elementor-element elementor-element-2f4e747 elementor-widget elementor-widget-video\" data-id=\"2f4e747\" data-element_type=\"widget\" data-settings=\"{&quot;youtube_url&quot;:&quot;https:\\\/\\\/www.youtube.com\\\/watch?v=qs1PjrCOSew&amp;feature=youtu.be&quot;,&quot;video_type&quot;:&quot;youtube&quot;,&quot;controls&quot;:&quot;yes&quot;}\" data-widget_type=\"video.default\">\n\t\t\t\t<div class=\"elementor-widget-container\">\n\t\t\t\t\t\t\t<div class=\"elementor-wrapper elementor-open-inline\">\n\t\t\t<div class=\"elementor-video\"><\/div>\t\t<\/div>\n\t\t\t\t\t\t<\/div>\n\t\t\t\t<\/div>\n\t\t\t\t\t<\/div>\n\t\t\t\t<\/div>\n\t\t<div class=\"elementor-element elementor-element-8fa97c9 e-flex e-con-boxed e-con e-parent\" data-id=\"8fa97c9\" data-element_type=\"container\">\n\t\t\t\t\t<div class=\"e-con-inner\">\n\t\t\t\t<div class=\"elementor-element elementor-element-704431a elementor-widget elementor-widget-text-editor\" data-id=\"704431a\" data-element_type=\"widget\" data-widget_type=\"text-editor.default\">\n\t\t\t\t<div class=\"elementor-widget-container\">\n\t\t\t\t\t\t\t\t\t<p style=\"font-weight: 400;text-align: justify\">El pasado martes 3 el alumnado que curso Tecnolog\u00eda acompa\u00f1ados de sus profesores asistieron a FANTEC (Feria Andaluza de la Tecnolog\u00eda) que este a\u00f1o se celebr\u00f3 en Ja\u00e9n.<\/p><p style=\"font-weight: 400;text-align: justify\">Tanto el profesorado como el alumnado disfrutaron de los proyectos y maquetas que hab\u00edan dise\u00f1ado y fabricado el alumnado de toda Andaluc\u00eda. Aprendieron e intercambiaron ideas.<\/p><p style=\"font-weight: 400;text-align: justify\">Result\u00f3 una estupenda experiencia para nuestros &#8220;peque\u00f1@s ingenier@s&#8221;. Est\u00e1 claro que los estudios t\u00e9cnicos y de ingenier\u00eda tienen cada vez m\u00e1s importancia e implantaci\u00f3n en el mundo laboral.<\/p>\t\t\t\t\t\t\t\t<\/div>\n\t\t\t\t<\/div>\n\t\t\t\t\t<\/div>\n\t\t\t\t<\/div>\n\t\t\t\t<\/div>\n\t\t","protected":false},"excerpt":{"rendered":"<p>El pasado martes 3 el alumnado que curso Tecnolog\u00eda acompa\u00f1ados de sus profesores asistieron a FANTEC (Feria Andaluza de la Tecnolog\u00eda) que este a\u00f1o se celebr\u00f3 en Ja\u00e9n. Tanto el profesorado como el alumnado&#46;&#46;&#46;<\/p>\n","protected":false},"author":19052,"featured_media":1806,"comment_status":"closed","ping_status":"open","sticky":false,"template":"","format":"standard","meta":{"ngg_post_thumbnail":0,"footnotes":""},"categories":[20,29,28,1],"tags":[],"aioseo_notices":[],"_links":{"self":[{"href":"https:\/\/blogsaverroes.juntadeandalucia.es\/ieszocoes\/wp-json\/wp\/v2\/posts\/1801"}],"collection":[{"href":"https:\/\/blogsaverroes.juntadeandalucia.es\/ieszocoes\/wp-json\/wp\/v2\/posts"}],"about":[{"href":"https:\/\/blogsaverroes.juntadeandalucia.es\/ieszocoes\/wp-json\/wp\/v2\/types\/post"}],"author":[{"embeddable":true,"href":"https:\/\/blogsaverroes.juntadeandalucia.es\/ieszocoes\/wp-json\/wp\/v2\/users\/19052"}],"replies":[{"embeddable":true,"href":"https:\/\/blogsaverroes.juntadeandalucia.es\/ieszocoes\/wp-json\/wp\/v2\/comments?post=1801"}],"version-history":[{"count":4,"href":"https:\/\/blogsaverroes.juntadeandalucia.es\/ieszocoes\/wp-json\/wp\/v2\/posts\/1801\/revisions"}],"predecessor-version":[{"id":1805,"href":"https:\/\/blogsaverroes.juntadeandalucia.es\/ieszocoes\/wp-json\/wp\/v2\/posts\/1801\/revisions\/1805"}],"wp:featuredmedia":[{"embeddable":true,"href":"https:\/\/blogsaverroes.juntadeandalucia.es\/ieszocoes\/wp-json\/wp\/v2\/media\/1806"}],"wp:attachment":[{"href":"https:\/\/blogsaverroes.juntadeandalucia.es\/ieszocoes\/wp-json\/wp\/v2\/media?parent=1801"}],"wp:term":[{"taxonomy":"category","embeddable":true,"href":"https:\/\/blogsaverroes.juntadeandalucia.es\/ieszocoes\/wp-json\/wp\/v2\/categories?post=1801"},{"taxonomy":"post_tag","embeddable":true,"href":"https:\/\/blogsaverroes.juntadeandalucia.es\/ieszocoes\/wp-json\/wp\/v2\/tags?post=1801"}],"curies":[{"name":"wp","href":"https:\/\/api.w.org\/{rel}","templated":true}]}}