{"id":2197,"date":"2025-10-28T18:53:54","date_gmt":"2025-10-28T17:53:54","guid":{"rendered":"https:\/\/blogsaverroes.juntadeandalucia.es\/ieszocoes\/?p=2197"},"modified":"2025-10-28T18:56:21","modified_gmt":"2025-10-28T17:56:21","slug":"visita-a-la-feria-del-libro","status":"publish","type":"post","link":"https:\/\/blogsaverroes.juntadeandalucia.es\/ieszocoes\/visita-a-la-feria-del-libro\/","title":{"rendered":"VISITA A LA FERIA DEL LIBRO"},"content":{"rendered":"\t\t<div data-elementor-type=\"wp-post\" data-elementor-id=\"2197\" class=\"elementor elementor-2197\">\n\t\t\t\t<div class=\"elementor-element elementor-element-4298585 e-flex e-con-boxed e-con e-parent\" data-id=\"4298585\" data-element_type=\"container\">\n\t\t\t\t\t<div class=\"e-con-inner\">\n\t\t\t\t<div class=\"elementor-element elementor-element-8ad701a elementor-widget elementor-widget-image\" data-id=\"8ad701a\" data-element_type=\"widget\" data-widget_type=\"image.default\">\n\t\t\t\t<div class=\"elementor-widget-container\">\n\t\t\t\t\t\t\t\t\t\t\t\t\t\t\t<img fetchpriority=\"high\" decoding=\"async\" width=\"1024\" height=\"768\" src=\"https:\/\/blogsaverroes.juntadeandalucia.es\/ieszocoes\/files\/2025\/10\/WhatsApp-Image-2025-10-22-at-14.55.06-1-1024x768.jpeg\" class=\"attachment-large size-large wp-image-2198\" alt=\"\" srcset=\"https:\/\/blogsaverroes.juntadeandalucia.es\/ieszocoes\/files\/2025\/10\/WhatsApp-Image-2025-10-22-at-14.55.06-1-1024x768.jpeg 1024w, https:\/\/blogsaverroes.juntadeandalucia.es\/ieszocoes\/files\/2025\/10\/WhatsApp-Image-2025-10-22-at-14.55.06-1-300x225.jpeg 300w, https:\/\/blogsaverroes.juntadeandalucia.es\/ieszocoes\/files\/2025\/10\/WhatsApp-Image-2025-10-22-at-14.55.06-1-768x576.jpeg 768w, https:\/\/blogsaverroes.juntadeandalucia.es\/ieszocoes\/files\/2025\/10\/WhatsApp-Image-2025-10-22-at-14.55.06-1-1536x1152.jpeg 1536w, https:\/\/blogsaverroes.juntadeandalucia.es\/ieszocoes\/files\/2025\/10\/WhatsApp-Image-2025-10-22-at-14.55.06-1.jpeg 1600w\" sizes=\"(max-width: 1024px) 100vw, 1024px\" \/>\t\t\t\t\t\t\t\t\t\t\t\t\t\t\t<\/div>\n\t\t\t\t<\/div>\n\t\t\t\t\t<\/div>\n\t\t\t\t<\/div>\n\t\t<div class=\"elementor-element elementor-element-235344c e-flex e-con-boxed e-con e-parent\" data-id=\"235344c\" data-element_type=\"container\">\n\t\t\t\t\t<div class=\"e-con-inner\">\n\t\t\t\t<div class=\"elementor-element elementor-element-f400ad8 elementor-widget elementor-widget-text-editor\" data-id=\"f400ad8\" data-element_type=\"widget\" data-widget_type=\"text-editor.default\">\n\t\t\t\t<div class=\"elementor-widget-container\">\n\t\t\t\t\t\t\t\t\t<div style=\"text-align: justify\">El alumnado\u00a0 de 3\u00ba de PEMAR, visit\u00f3 el pasado mi\u00e9rcoles 22 de octubre la Feria del Libro de C\u00f3rdoba, acompa\u00f1ados de sus profesoras del \u00e1rea Ling\u00fc\u00edstica Susana Maroto y Helena P\u00e9rez. Los alumnos\u00a0 y alumnas visitaron las distintas casetas y realizaron una gymkana de preguntas y actividades durante m\u00e1s de dos horas. Adem\u00e1s muchos de ellos se animaron y compraron diversos libros.\u00a0<\/div>\t\t\t\t\t\t\t\t<\/div>\n\t\t\t\t<\/div>\n\t\t\t\t\t<\/div>\n\t\t\t\t<\/div>\n\t\t\t\t<\/div>\n\t\t","protected":false},"excerpt":{"rendered":"<p>El alumnado&nbsp; de 3\u00ba de PEMAR, visit\u00f3 el pasado mi\u00e9rcoles 22 de octubre la Feria del Libro de C\u00f3rdoba, acompa\u00f1ados de sus profesoras del \u00e1rea Ling\u00fc\u00edstica Susana Maroto y Helena P\u00e9rez. Los alumnos&nbsp; y&#46;&#46;&#46;<\/p>\n","protected":false},"author":19052,"featured_media":2198,"comment_status":"closed","ping_status":"open","sticky":false,"template":"","format":"standard","meta":{"ngg_post_thumbnail":0,"footnotes":""},"categories":[24,25,19,18,28,1],"tags":[],"aioseo_notices":[],"_links":{"self":[{"href":"https:\/\/blogsaverroes.juntadeandalucia.es\/ieszocoes\/wp-json\/wp\/v2\/posts\/2197"}],"collection":[{"href":"https:\/\/blogsaverroes.juntadeandalucia.es\/ieszocoes\/wp-json\/wp\/v2\/posts"}],"about":[{"href":"https:\/\/blogsaverroes.juntadeandalucia.es\/ieszocoes\/wp-json\/wp\/v2\/types\/post"}],"author":[{"embeddable":true,"href":"https:\/\/blogsaverroes.juntadeandalucia.es\/ieszocoes\/wp-json\/wp\/v2\/users\/19052"}],"replies":[{"embeddable":true,"href":"https:\/\/blogsaverroes.juntadeandalucia.es\/ieszocoes\/wp-json\/wp\/v2\/comments?post=2197"}],"version-history":[{"count":4,"href":"https:\/\/blogsaverroes.juntadeandalucia.es\/ieszocoes\/wp-json\/wp\/v2\/posts\/2197\/revisions"}],"predecessor-version":[{"id":2202,"href":"https:\/\/blogsaverroes.juntadeandalucia.es\/ieszocoes\/wp-json\/wp\/v2\/posts\/2197\/revisions\/2202"}],"wp:featuredmedia":[{"embeddable":true,"href":"https:\/\/blogsaverroes.juntadeandalucia.es\/ieszocoes\/wp-json\/wp\/v2\/media\/2198"}],"wp:attachment":[{"href":"https:\/\/blogsaverroes.juntadeandalucia.es\/ieszocoes\/wp-json\/wp\/v2\/media?parent=2197"}],"wp:term":[{"taxonomy":"category","embeddable":true,"href":"https:\/\/blogsaverroes.juntadeandalucia.es\/ieszocoes\/wp-json\/wp\/v2\/categories?post=2197"},{"taxonomy":"post_tag","embeddable":true,"href":"https:\/\/blogsaverroes.juntadeandalucia.es\/ieszocoes\/wp-json\/wp\/v2\/tags?post=2197"}],"curies":[{"name":"wp","href":"https:\/\/api.w.org\/{rel}","templated":true}]}}