{"id":2614,"date":"2026-01-23T08:37:00","date_gmt":"2026-01-23T07:37:00","guid":{"rendered":"https:\/\/blogsaverroes.juntadeandalucia.es\/ieszocoes\/?p=2614"},"modified":"2026-01-23T08:39:22","modified_gmt":"2026-01-23T07:39:22","slug":"charla-de-la-universidad-de-cordoba-sobre-la-prueba-de-acceso-a-la-universidad","status":"publish","type":"post","link":"https:\/\/blogsaverroes.juntadeandalucia.es\/ieszocoes\/charla-de-la-universidad-de-cordoba-sobre-la-prueba-de-acceso-a-la-universidad\/","title":{"rendered":"CHARLA DE LA UNIVERSIDAD DE C\u00d3RDOBA SOBRE LA PRUEBA DE ACCESO A LA UNIVERSIDAD"},"content":{"rendered":"\t\t<div data-elementor-type=\"wp-post\" data-elementor-id=\"2614\" class=\"elementor elementor-2614\">\n\t\t\t\t<div class=\"elementor-element elementor-element-e8c2d63 e-flex e-con-boxed e-con e-parent\" data-id=\"e8c2d63\" data-element_type=\"container\">\n\t\t\t\t\t<div class=\"e-con-inner\">\n\t\t\t\t<div class=\"elementor-element elementor-element-da58aa8 elementor-widget elementor-widget-text-editor\" data-id=\"da58aa8\" data-element_type=\"widget\" data-widget_type=\"text-editor.default\">\n\t\t\t\t<div class=\"elementor-widget-container\">\n\t\t\t\t\t\t\t\t\t<div style=\"text-align: justify\">Con motivo de la pr\u00f3xima realizaci\u00f3n la PAU por parte de nuestro alumnado de 2\u00ba Bachillerato, el departamento de Orientaci\u00f3n en coordinaci\u00f3n con las tutoras de los dos grupos de 2\u00ba Bachillerato solicitaron a la Universidad de C\u00f3rdoba la charla informativa sobre la PAU.\u00a0<\/div><div style=\"text-align: justify\">El pasado martes se traslad\u00f3 a nuestro centro una responsable de la Oficina de Informaci\u00f3n al Estudiante para explicar de manera directa y espec\u00edfica, el proceso de admisi\u00f3n y acceso a trav\u00e9s de las pruebas de la PAU (parte com\u00fan, parte espec\u00edfica, par\u00e1metros de ponderaci\u00f3n, solicitud de grados y universidades por orden de preferencia, reserva o matr\u00edcula, etc.)<\/div><div style=\"text-align: justify\">Desde el centro animamos a todo el alumnado de 2\u00ba Bachillerato a que se esfuerce todo lo posible en esta recta final de curso con el objetivo de aprender m\u00e1s y de completar su formaci\u00f3n acad\u00e9mica. Con ello, seguro que lograr\u00e1n una adecuada preparaci\u00f3n\u00a0para la PAU y tendr\u00e1n la posibilidad de obtener la mejor nota media posible de bachillerato.\u00a0<\/div>\t\t\t\t\t\t\t\t<\/div>\n\t\t\t\t<\/div>\n\t\t\t\t\t<\/div>\n\t\t\t\t<\/div>\n\t\t<div class=\"elementor-element elementor-element-e22f5cf e-flex e-con-boxed e-con e-parent\" data-id=\"e22f5cf\" data-element_type=\"container\">\n\t\t\t\t\t<div class=\"e-con-inner\">\n\t\t\t\t<div class=\"elementor-element elementor-element-eefbde9 elementor-widget elementor-widget-image-gallery\" data-id=\"eefbde9\" data-element_type=\"widget\" data-widget_type=\"image-gallery.default\">\n\t\t\t\t<div class=\"elementor-widget-container\">\n\t\t\t\t\t\t\t<div class=\"elementor-image-gallery\">\n\t\t\t\n\t\t<style>\n\t\t\t#gallery-1 {\n\t\t\t\tmargin: auto;\n\t\t\t}\n\t\t\t#gallery-1 .gallery-item {\n\t\t\t\tfloat: left;\n\t\t\t\tmargin-top: 10px;\n\t\t\t\ttext-align: center;\n\t\t\t\twidth: 50%;\n\t\t\t}\n\t\t\t#gallery-1 img {\n\t\t\t\tborder: 2px solid #cfcfcf;\n\t\t\t}\n\t\t\t#gallery-1 .gallery-caption {\n\t\t\t\tmargin-left: 0;\n\t\t\t}\n\t\t\t\/* see gallery_shortcode() in wp-includes\/media.php *\/\n\t\t<\/style>\n\t\t<div id='gallery-1' class='gallery galleryid-2614 gallery-columns-2 gallery-size-thumbnail'><dl class='gallery-item'>\n\t\t\t<dt class='gallery-icon landscape'>\n\t\t\t\t<a data-elementor-open-lightbox=\"yes\" data-elementor-lightbox-slideshow=\"eefbde9\" data-elementor-lightbox-title=\"IMG_3886\" data-e-action-hash=\"#elementor-action%3Aaction%3Dlightbox%26settings%3DeyJpZCI6MjYxNSwidXJsIjoiaHR0cHM6XC9cL2Jsb2dzYXZlcnJvZXMuanVudGFkZWFuZGFsdWNpYS5lc1wvaWVzem9jb2VzXC9maWxlc1wvMjAyNlwvMDFcL0lNR18zODg2LmpwZWciLCJzbGlkZXNob3ciOiJlZWZiZGU5In0%3D\" href='https:\/\/blogsaverroes.juntadeandalucia.es\/ieszocoes\/files\/2026\/01\/IMG_3886.jpeg'><img decoding=\"async\" width=\"150\" height=\"150\" src=\"https:\/\/blogsaverroes.juntadeandalucia.es\/ieszocoes\/files\/2026\/01\/IMG_3886-150x150.jpeg\" class=\"attachment-thumbnail size-thumbnail\" alt=\"\" srcset=\"https:\/\/blogsaverroes.juntadeandalucia.es\/ieszocoes\/files\/2026\/01\/IMG_3886-150x150.jpeg 150w, https:\/\/blogsaverroes.juntadeandalucia.es\/ieszocoes\/files\/2026\/01\/IMG_3886-80x80.jpeg 80w, https:\/\/blogsaverroes.juntadeandalucia.es\/ieszocoes\/files\/2026\/01\/IMG_3886-320x320.jpeg 320w\" sizes=\"(max-width: 150px) 100vw, 150px\" \/><\/a>\n\t\t\t<\/dt><\/dl><dl class='gallery-item'>\n\t\t\t<dt class='gallery-icon landscape'>\n\t\t\t\t<a data-elementor-open-lightbox=\"yes\" data-elementor-lightbox-slideshow=\"eefbde9\" data-elementor-lightbox-title=\"IMG_3885\" data-e-action-hash=\"#elementor-action%3Aaction%3Dlightbox%26settings%3DeyJpZCI6MjYxNiwidXJsIjoiaHR0cHM6XC9cL2Jsb2dzYXZlcnJvZXMuanVudGFkZWFuZGFsdWNpYS5lc1wvaWVzem9jb2VzXC9maWxlc1wvMjAyNlwvMDFcL0lNR18zODg1LmpwZWciLCJzbGlkZXNob3ciOiJlZWZiZGU5In0%3D\" href='https:\/\/blogsaverroes.juntadeandalucia.es\/ieszocoes\/files\/2026\/01\/IMG_3885.jpeg'><img decoding=\"async\" width=\"150\" height=\"150\" src=\"https:\/\/blogsaverroes.juntadeandalucia.es\/ieszocoes\/files\/2026\/01\/IMG_3885-150x150.jpeg\" class=\"attachment-thumbnail size-thumbnail\" alt=\"\" srcset=\"https:\/\/blogsaverroes.juntadeandalucia.es\/ieszocoes\/files\/2026\/01\/IMG_3885-150x150.jpeg 150w, https:\/\/blogsaverroes.juntadeandalucia.es\/ieszocoes\/files\/2026\/01\/IMG_3885-80x80.jpeg 80w, https:\/\/blogsaverroes.juntadeandalucia.es\/ieszocoes\/files\/2026\/01\/IMG_3885-320x320.jpeg 320w\" sizes=\"(max-width: 150px) 100vw, 150px\" \/><\/a>\n\t\t\t<\/dt><\/dl><br style=\"clear: both\" \/>\n\t\t<\/div>\n\t\t<\/div>\n\t\t\t\t\t\t<\/div>\n\t\t\t\t<\/div>\n\t\t\t\t\t<\/div>\n\t\t\t\t<\/div>\n\t\t\t\t<\/div>\n\t\t","protected":false},"excerpt":{"rendered":"<p>Con motivo de la pr\u00f3xima realizaci\u00f3n la PAU por parte de nuestro alumnado de 2\u00ba Bachillerato, el departamento de Orientaci\u00f3n en coordinaci\u00f3n con las tutoras de los dos grupos de 2\u00ba Bachillerato solicitaron a&#46;&#46;&#46;<\/p>\n","protected":false},"author":19052,"featured_media":2615,"comment_status":"closed","ping_status":"open","sticky":false,"template":"","format":"standard","meta":{"ngg_post_thumbnail":0,"footnotes":""},"categories":[20,32,34,1],"tags":[],"aioseo_notices":[],"_links":{"self":[{"href":"https:\/\/blogsaverroes.juntadeandalucia.es\/ieszocoes\/wp-json\/wp\/v2\/posts\/2614"}],"collection":[{"href":"https:\/\/blogsaverroes.juntadeandalucia.es\/ieszocoes\/wp-json\/wp\/v2\/posts"}],"about":[{"href":"https:\/\/blogsaverroes.juntadeandalucia.es\/ieszocoes\/wp-json\/wp\/v2\/types\/post"}],"author":[{"embeddable":true,"href":"https:\/\/blogsaverroes.juntadeandalucia.es\/ieszocoes\/wp-json\/wp\/v2\/users\/19052"}],"replies":[{"embeddable":true,"href":"https:\/\/blogsaverroes.juntadeandalucia.es\/ieszocoes\/wp-json\/wp\/v2\/comments?post=2614"}],"version-history":[{"count":4,"href":"https:\/\/blogsaverroes.juntadeandalucia.es\/ieszocoes\/wp-json\/wp\/v2\/posts\/2614\/revisions"}],"predecessor-version":[{"id":2620,"href":"https:\/\/blogsaverroes.juntadeandalucia.es\/ieszocoes\/wp-json\/wp\/v2\/posts\/2614\/revisions\/2620"}],"wp:featuredmedia":[{"embeddable":true,"href":"https:\/\/blogsaverroes.juntadeandalucia.es\/ieszocoes\/wp-json\/wp\/v2\/media\/2615"}],"wp:attachment":[{"href":"https:\/\/blogsaverroes.juntadeandalucia.es\/ieszocoes\/wp-json\/wp\/v2\/media?parent=2614"}],"wp:term":[{"taxonomy":"category","embeddable":true,"href":"https:\/\/blogsaverroes.juntadeandalucia.es\/ieszocoes\/wp-json\/wp\/v2\/categories?post=2614"},{"taxonomy":"post_tag","embeddable":true,"href":"https:\/\/blogsaverroes.juntadeandalucia.es\/ieszocoes\/wp-json\/wp\/v2\/tags?post=2614"}],"curies":[{"name":"wp","href":"https:\/\/api.w.org\/{rel}","templated":true}]}}